{"id":1002,"date":"2006-09-11T18:17:58","date_gmt":"2006-09-11T17:17:58","guid":{"rendered":"http:\/\/www.aula21.net\/aulablog21\/archives\/2006\/09\/11\/2%c2%ba-aniversario-y-nueva-genialidad-del-inventor-del-termino-blogfesor\/"},"modified":"2006-09-11T18:17:58","modified_gmt":"2006-09-11T17:17:58","slug":"2%c2%ba-aniversario-y-nueva-genialidad-del-inventor-del-termino-blogfesor","status":"publish","type":"post","link":"http:\/\/aula21.net\/aulablog21\/archives\/2006\/09\/11\/2%c2%ba-aniversario-y-nueva-genialidad-del-inventor-del-termino-blogfesor\/","title":{"rendered":"2\u00ba aniversario y nueva genialidad del inventor del t\u00e9rmino blogfesor"},"content":{"rendered":"<p>Este peque\u00f1o art\u00edculo es para desear larga vida al <a href=\"http:\/\/www.vidadigital.net\/blog\/2005\/10\/02\/soy-un-blogfesor\/\" target=\"_blank\">inventor del t\u00e9rmino blogfesor<\/a> dado que el pasado d\u00eda 5 <a href=\"http:\/\/www.vidadigital.net\/blog\/2006\/09\/05\/celebrando-los-dos-aos-de-digizen\/\" target=\"_blank\">cumpli\u00f3 2 a\u00f1itos<\/a>. Ya\u00a0os pode\u00eds imaginar\u00a0que hablo una vez m\u00e1s\u00a0de Mario N\u00fa\u00f1ez una persona de una riqueza humana e intelectual impresionante.<\/p>\n<p>Su mente no para de elucubrar ni de d\u00eda ni de noche y nos presenta un nuevo genial invento \u00ab<a title=\"Permanent Link to El toolbar del blogfesor\" href=\"http:\/\/www.vidadigital.net\/blog\/2006\/09\/10\/el-toolbar-del-blogfesor\/\" rel=\"bookmark\"><font color=\"#265e15\">El toolbar del blogfesor<\/font><\/a>\u00bb\u00a0una herramienta para facilitar la communicaci\u00f3n entre los\/as blogfesoras\/as de habla hispana.<\/p>\n","protected":false},"excerpt":{"rendered":"<p>Este peque\u00f1o art\u00edculo es para desear larga vida al inventor del t\u00e9rmino blogfesor dado que el pasado d\u00eda 5 cumpli\u00f3 2 a\u00f1itos. Ya\u00a0os pode\u00eds imaginar\u00a0que hablo una vez m\u00e1s\u00a0de Mario N\u00fa\u00f1ez una persona de una riqueza humana e intelectual impresionante. Su mente no para de elucubrar ni de d\u00eda ni de noche y nos presenta [&hellip;]<\/p>\n","protected":false},"author":1,"featured_media":0,"comment_status":"open","ping_status":"open","sticky":false,"template":"","format":"standard","meta":{"footnotes":""},"categories":[3,2],"tags":[],"class_list":["post-1002","post","type-post","status-publish","format-standard","hentry","category-weblogs_herramientas_trucos_etc","category-weblogs_en_el_aula"],"_links":{"self":[{"href":"http:\/\/aula21.net\/aulablog21\/wp-json\/wp\/v2\/posts\/1002","targetHints":{"allow":["GET"]}}],"collection":[{"href":"http:\/\/aula21.net\/aulablog21\/wp-json\/wp\/v2\/posts"}],"about":[{"href":"http:\/\/aula21.net\/aulablog21\/wp-json\/wp\/v2\/types\/post"}],"author":[{"embeddable":true,"href":"http:\/\/aula21.net\/aulablog21\/wp-json\/wp\/v2\/users\/1"}],"replies":[{"embeddable":true,"href":"http:\/\/aula21.net\/aulablog21\/wp-json\/wp\/v2\/comments?post=1002"}],"version-history":[{"count":0,"href":"http:\/\/aula21.net\/aulablog21\/wp-json\/wp\/v2\/posts\/1002\/revisions"}],"wp:attachment":[{"href":"http:\/\/aula21.net\/aulablog21\/wp-json\/wp\/v2\/media?parent=1002"}],"wp:term":[{"taxonomy":"category","embeddable":true,"href":"http:\/\/aula21.net\/aulablog21\/wp-json\/wp\/v2\/categories?post=1002"},{"taxonomy":"post_tag","embeddable":true,"href":"http:\/\/aula21.net\/aulablog21\/wp-json\/wp\/v2\/tags?post=1002"}],"curies":[{"name":"wp","href":"https:\/\/api.w.org\/{rel}","templated":true}]}}