{"id":1008,"date":"2006-09-28T12:44:07","date_gmt":"2006-09-28T11:44:07","guid":{"rendered":"http:\/\/www.aula21.net\/aulablog21\/archives\/2006\/09\/28\/i-simposio-internacional-de-universidades-lectoras\/"},"modified":"2006-09-28T12:55:53","modified_gmt":"2006-09-28T11:55:53","slug":"i-simposio-internacional-de-universidades-lectoras","status":"publish","type":"post","link":"http:\/\/aula21.net\/aulablog21\/archives\/2006\/09\/28\/i-simposio-internacional-de-universidades-lectoras\/","title":{"rendered":"I SIMPOSIO INTERNACIONAL DE UNIVERSIDADES LECTORAS"},"content":{"rendered":"<p><img decoding=\"async\" src=\"http:\/\/www.universidadeslectoras.com\/images\/stories\/logouniversimini.jpg\" align=\"left\" \/>La Universidad de Extremadura (UEx) organiza por primera vez un congreso cuyo principal protagonista ser\u00e1 el h\u00e1bito de la lectura y todo lo concerniente a ella. Va destinado a toda la comunidad universitaria, principalmente estudiantes, pero tambi\u00e9n profesores, animadores, bibliotecarios, etc. En la organizaci\u00f3n tambi\u00e9n intervienen la\u00a0Asociaci\u00f3n Espa\u00f1ola de Lectura y Escritura y varias Universidades de Espa\u00f1a y Portugal.<\/p>\n<p>Tendr\u00e1 lugar los d\u00edas 6 y 7 de Noviembre de 2006 en el Palacio de Congresos de Badajoz (Espa\u00f1a). El Simposio es presencial, pero adem\u00e1s hay una modalidad (paralela pero independiente en cuanto a la inscripci\u00f3n y certificaci\u00f3n) de <a href=\"http:\/\/www.universidadeslectoras.com\">SIMPOSIO VIRTUAL<\/a>, de inter\u00e9s especial para quienes no puedan desplazarse a Extremadura.<\/p>\n<p>El amigo <strong><a href=\"http:\/\/www.extremaduraclasica.com\/bitacora\/\">Carlos <\/a><\/strong>y yo hemos realizado\u00a0<a href=\"http:\/\/www.universidadeslectoras.com\">la Web del Simposio<\/a>\u00a0que estar\u00e1 en permanente fase de construcci\u00f3n y mejora. Os ruego encarecidamente que en vuestros blogs ponga\u00eds una peque\u00f1a noticia y el enlace a la p\u00e1gina que con gran ilusi\u00f3n estamos elaborando.<\/p>\n<p>El enfoque pretende debatir y reconceptualizar el papel de la lectura en la Universidad, con temas tales como las pr\u00e1cticas acad\u00e9micas de lectura y escritura, el contexto institucional, el papel de las bibliotecas y la documentaci\u00f3n, los mediadores de lectura, la lectura y las Tecnolog\u00edas de la Informaci\u00f3n y la Comunicaci\u00f3n, el dise\u00f1o de actividades de extensi\u00f3n universitaria relacionadas con la lectura, etc.<br \/>\nYa sabe\u00eds para\u00a0ampliar informaci\u00f3n:<\/p>\n<p><a href=\"http:\/\/www.universidadeslectoras.com\/\">http:\/\/www.universidadeslectoras.com\/<\/a><br \/>\n<span class=\"texto\">Las <strong>inscripciones<\/strong> podr\u00e1n realizarse <strong>hasta el 30 de octubre<\/strong> y los <strong>precios<\/strong> de matr\u00edcula ser\u00e1n los siguientes:<\/span><span class=\"texto\" \/><span class=\"texto\" \/><span class=\"texto\"> <\/span><span class=\"texto\" \/><span class=\"texto\"><\/p>\n<p class=\"texto\">&#8211; <strong>Simposio Presencial<\/strong>: 20 euros para los alumnos de las Universidades de Extremadura y de Sevilla y alumnos de universidades e Institutos Polit\u00e9cnicos de Portugal y Socios de la AELE. Y 30 euros para el resto de alumnos, profesores, bibliotecarios, etc.<\/p>\n<p class=\"texto\">&#8211; <strong>Simposio Virtual<\/strong>: cuota \u00fanica de 20 euros.<\/p>\n<p class=\"texto\">Para los\u00a0inscritos al Congreso habr\u00e1 un <strong>reconocimiento de cr\u00e9ditos<\/strong>, en el caso de los alumnos en forma de convalidaci\u00f3n de cr\u00e9ditos de libre elecci\u00f3n, y para aquellos interinos y opositores 2 cr\u00e9ditos\u00a0otorgados por la Consejer\u00eda de Educaci\u00f3n, en tramitaci\u00f3n.<\/p>\n<p class=\"texto\"><a class=\"enlace\" href=\"http:\/\/www.unex.es\/\" target=\"_blank\" \/><\/p>\n<p>\u00a0<\/p>\n<p>\u00a0<\/p>\n<p \/><\/span><\/p>\n","protected":false},"excerpt":{"rendered":"<p>La Universidad de Extremadura (UEx) organiza por primera vez un congreso cuyo principal protagonista ser\u00e1 el h\u00e1bito de la lectura y todo lo concerniente a ella. Va destinado a toda la comunidad universitaria, principalmente estudiantes, pero tambi\u00e9n profesores, animadores, bibliotecarios, etc. En la organizaci\u00f3n tambi\u00e9n intervienen la\u00a0Asociaci\u00f3n Espa\u00f1ola de Lectura y Escritura y varias Universidades [&hellip;]<\/p>\n","protected":false},"author":1,"featured_media":0,"comment_status":"open","ping_status":"open","sticky":false,"template":"","format":"standard","meta":{"footnotes":""},"categories":[8],"tags":[],"class_list":["post-1008","post","type-post","status-publish","format-standard","hentry","category-educacion_e_internet"],"_links":{"self":[{"href":"http:\/\/aula21.net\/aulablog21\/wp-json\/wp\/v2\/posts\/1008","targetHints":{"allow":["GET"]}}],"collection":[{"href":"http:\/\/aula21.net\/aulablog21\/wp-json\/wp\/v2\/posts"}],"about":[{"href":"http:\/\/aula21.net\/aulablog21\/wp-json\/wp\/v2\/types\/post"}],"author":[{"embeddable":true,"href":"http:\/\/aula21.net\/aulablog21\/wp-json\/wp\/v2\/users\/1"}],"replies":[{"embeddable":true,"href":"http:\/\/aula21.net\/aulablog21\/wp-json\/wp\/v2\/comments?post=1008"}],"version-history":[{"count":0,"href":"http:\/\/aula21.net\/aulablog21\/wp-json\/wp\/v2\/posts\/1008\/revisions"}],"wp:attachment":[{"href":"http:\/\/aula21.net\/aulablog21\/wp-json\/wp\/v2\/media?parent=1008"}],"wp:term":[{"taxonomy":"category","embeddable":true,"href":"http:\/\/aula21.net\/aulablog21\/wp-json\/wp\/v2\/categories?post=1008"},{"taxonomy":"post_tag","embeddable":true,"href":"http:\/\/aula21.net\/aulablog21\/wp-json\/wp\/v2\/tags?post=1008"}],"curies":[{"name":"wp","href":"https:\/\/api.w.org\/{rel}","templated":true}]}}