{"id":1010,"date":"2006-09-21T16:34:49","date_gmt":"2006-09-21T15:34:49","guid":{"rendered":"http:\/\/www.aula21.net\/aulablog21\/archives\/2006\/09\/21\/escuchad-a-los-docentes-de-una-maldita-vez-senores-gobernantes\/"},"modified":"2006-09-21T21:00:37","modified_gmt":"2006-09-21T20:00:37","slug":"escuchad-a-los-docentes-de-una-maldita-vez-senores-gobernantes","status":"publish","type":"post","link":"http:\/\/aula21.net\/aulablog21\/archives\/2006\/09\/21\/escuchad-a-los-docentes-de-una-maldita-vez-senores-gobernantes\/","title":{"rendered":"Escuchad a los docentes de una maldita vez se\u00f1ores gobernantes"},"content":{"rendered":"<p>Todo el mundo se queja de lo mal que est\u00e1 la ense\u00f1anza secundaria en nuestro pa\u00eds pero a la hora de la verdad nadie le pone remedio. La nueva LOE ir\u00e1 pronto a la papelera si Dios quiere pues una vez m\u00e1s ha sido elaborada por gente que no ha pisado un aula en su vida.<\/p>\n<p>Hay gente que expresa ese malestar mucho mejor que yo, aqu\u00ed os dejo un nuevo art\u00edculo de <a href=\"http:\/\/alicia.blogsome.com\/\" target=\"_blank\">Alicia<\/a> titulado <a href=\"http:\/\/mangasverdes.es\/2006\/09\/21\/la-generacion-logse\/\" target=\"_blank\">\u00abLa generaci\u00f3n Logse\u00bb<\/a> y una <a href=\"http:\/\/www.librodenotas.com\/entrevistas\/9669\/entrevista-a-ricardo-moreno-castillo\" target=\"_blank\">entrevista a Ricardo Moreno Castillo<\/a>\u00a0que se hizo famoso a raiz de la publicaci\u00f3n del el \u00ab<a title=\"documento pdf en librodenotas.com\" href=\"http:\/\/librodenotas.com\/file_download\/6\">Panfleto Antipedag\u00f3gico<\/a>\u00ab.<\/p>\n<p>Una de las cosas con las que estoy m\u00e1s de acuerdo con Alicia es cuando dice:<\/p>\n<p><em>La m\u00e1s importante, en mi opini\u00f3n: no se puede obligar a permanecer en un instituto a ni\u00f1os que no les interesa lo m\u00e1s m\u00ednimo aprender. As\u00ed de claro. El aumentar la edad de escolarizaci\u00f3n obligatoria de los 14 a los 16 ha sido el mayor error de esta ley. Todos conocemos casos de nuestra \u00e9poca de estudiantes de alumnos que no acababan la EGB. Se hac\u00eda un poco la vista gorda. Hoy en d\u00eda por ley deben asistir a clase, y adem\u00e1s dos a\u00f1os m\u00e1s de regalo. A ellos no les interesa y a los padres les da igual. Algunos progenitores s\u00f3lo insisten en que los ni\u00f1os asistan a clase para no perder una subvenci\u00f3n que les dan, o para cobrar la ayuda de libros o transporte. Ni m\u00e1s ni menos.<\/em><\/p>\n<p><em>Estos ni\u00f1os no s\u00f3lo no hacen nada, es que no dejan hacer nada a los dem\u00e1s. \u00bfA qui\u00e9n se le ocurri\u00f3 que por obligarlos a permanecer en el centro les iban a aparecer las ganas de estudiar? \u00bfSab\u00e9is la cantidad de problemas que dan estos ni\u00f1os en un centro? No los pod\u00e9is imaginar.<\/em><\/p>\n<p><em>Por eso cuando oyes en la radio a gente que llama y dice que la culpa de c\u00f3mo est\u00e1n los institutos la tenemos los profesores, ya que muchos somos malos ense\u00f1antes\u2026pues te r\u00edes por no llorar.<\/em><\/p>\n<p>Esto no significa que no crea conveniente que los alumnos est\u00e9n escolarizados hasta los 16 pero no todos deben estudiar necesariamente lo mismo. Muchos alumnos reclaman aprender cosas m\u00e1s pr\u00e1cticas, un oficio con el que ganarse dignamente la vida.<\/p>\n<p>No se le puede pedir peras al olmo,yo para animar a los alumnos les digo que en este pa\u00eds cualquiera puede llegar a ministro, para muestra\u00a0de ejemplo la se\u00f1ora ministra de cultura en dos a\u00f1os nos ha ilustrado con afirmaciones como estas:<\/p>\n<p>\u00abYo he sido cocinera antes que fraila.\u00bb <span style=\"color: #990000\">(l\u00e1stima que no siga siendo cocinera&#8230;)<\/span>.<br \/>\n\u00abEl espa\u00f1ol est\u00e1 lleno de <em>anglicanismos<\/em>\u00ab<span style=\"color: #990000\">(evidentemente quiso decir <em>anglicismos<\/em>)<\/span>.<br \/>\n\u00abUn concierto de rock en espa\u00f1ol hace m\u00e1s por el castellano que el Instituto Cervantes\u00bb<span style=\"color: #990000\">(estupendo, pues no s\u00e9 qu\u00e9 hacemos gastando la pasata en el instituto Cervantes)<\/span><br \/>\n\u00abMe gusta madrugar para poder pasar m\u00e1s rato en el ba\u00f1o: all\u00ed leo el peri\u00f3dico, oigo la radio, oigo m\u00fasica y hablo por tel\u00e9fono con alcaldes en bragas\u00bb.<span style=\"color: #990000\">(no se sabe si la que habla en bragas es ella o los alcaldes pero es una conducta que entiendo requiere alg\u00fan tipo de explicaci\u00f3n cl\u00ednica)<\/span>.<br \/>\n\u00abEstamos manejando dinero p\u00fablico, y el dinero p\u00fablico no es de nadie\u00bb.<span style=\"color: #990000\">(la misma filosof\u00eda de Vera, Rold\u00e1n y compa\u00f1eros. El Archivo s\u00ed es de los catalanes)<\/span>.<br \/>\nEn Pamplona, en los San Fermines: \u00abSi quieres que te sea sincera, pens\u00e9 que se vest\u00edan as\u00ed cuatro, los que vemos por la tele corriendo el encierro. Pero todos vamos con uniforme, es fant\u00e1stico. Mi hija de 4 a\u00f1os cre\u00eda lo mismo <span style=\"color: #990000\">(pues pod\u00eda ser ministra su mism\u00edsima hija porque est\u00e1n a la misma altura)<\/span><span style=\"color: #333333\">.<\/span><br \/>\n\u00abEl Roc\u00edo es la explosi\u00f3n de la primavera en el Mediterr\u00e1neo.\u00bb <span style=\"color: #990000\">(todo perfecto salvo que El Roc\u00edo est\u00e1 en huelva que es el Atl\u00e1ntico)<\/span>.<br \/>\n\u00abDeseo que la Unesco legisle para todos los planetas\u00bb<span style=\"color: #990000\">(los estraterrestres se van a mear de risa, claro que primero est\u00e1n los simios&#8230;)<\/span>.<br \/>\n\u00abLas se\u00f1oras tienen que ser caballeras, quijotas, manchegas.\u00bb<span style=\"color: #990000\"> (a mi me gustan guapas, femeninas y cultas)<\/span>.<br \/>\nEn referencia a la pirater\u00eda: \u00abRecuerdo las palabras de Leonardo da Vinci en las que dijo que <em>lo que mueve el mundo no son las m\u00e1quinas, sino las ideas<\/em>, <em>y defenderlas frente al plagio es una batalla necesaria para la sociedad<\/em>\u00ab<span style=\"color: #990000\">(l\u00e1stima que la frase sea de V\u00edctor Hugo)<\/span>.\u00a0<\/p>\n<p>La\u00a0recopilaci\u00f3n de frases c\u00e9lebres ha sido tomada <a href=\"http:\/\/asivaelpais.blogspot.com\/2006\/07\/las-frases-de-carmen-calvo.html\" target=\"_blank\">de este blog<\/a>.<\/p>\n<p>Hoy se hace eco Enrique Dans de <a href=\"http:\/\/edans.blogspot.com\/2006\/09\/el-bolso-de-la-ministra.html\" target=\"_blank\">la nueva metedura de pata de la ministra<\/a>\u00a0que lleva un bolso de Louis Vuitton m\u00e1s falso que Judas.<\/p>\n<p>\u00a0<\/p>\n","protected":false},"excerpt":{"rendered":"<p>Todo el mundo se queja de lo mal que est\u00e1 la ense\u00f1anza secundaria en nuestro pa\u00eds pero a la hora de la verdad nadie le pone remedio. La nueva LOE ir\u00e1 pronto a la papelera si Dios quiere pues una vez m\u00e1s ha sido elaborada por gente que no ha pisado un aula en su [&hellip;]<\/p>\n","protected":false},"author":1,"featured_media":0,"comment_status":"open","ping_status":"open","sticky":false,"template":"","format":"standard","meta":{"footnotes":""},"categories":[8],"tags":[],"class_list":["post-1010","post","type-post","status-publish","format-standard","hentry","category-educacion_e_internet"],"_links":{"self":[{"href":"http:\/\/aula21.net\/aulablog21\/wp-json\/wp\/v2\/posts\/1010","targetHints":{"allow":["GET"]}}],"collection":[{"href":"http:\/\/aula21.net\/aulablog21\/wp-json\/wp\/v2\/posts"}],"about":[{"href":"http:\/\/aula21.net\/aulablog21\/wp-json\/wp\/v2\/types\/post"}],"author":[{"embeddable":true,"href":"http:\/\/aula21.net\/aulablog21\/wp-json\/wp\/v2\/users\/1"}],"replies":[{"embeddable":true,"href":"http:\/\/aula21.net\/aulablog21\/wp-json\/wp\/v2\/comments?post=1010"}],"version-history":[{"count":0,"href":"http:\/\/aula21.net\/aulablog21\/wp-json\/wp\/v2\/posts\/1010\/revisions"}],"wp:attachment":[{"href":"http:\/\/aula21.net\/aulablog21\/wp-json\/wp\/v2\/media?parent=1010"}],"wp:term":[{"taxonomy":"category","embeddable":true,"href":"http:\/\/aula21.net\/aulablog21\/wp-json\/wp\/v2\/categories?post=1010"},{"taxonomy":"post_tag","embeddable":true,"href":"http:\/\/aula21.net\/aulablog21\/wp-json\/wp\/v2\/tags?post=1010"}],"curies":[{"name":"wp","href":"https:\/\/api.w.org\/{rel}","templated":true}]}}