{"id":1015,"date":"2006-09-26T14:53:35","date_gmt":"2006-09-26T13:53:35","guid":{"rendered":"http:\/\/www.aula21.net\/aulablog21\/archives\/2006\/09\/26\/rodruiguez-zapatero-se-pasa-a-yahoo\/"},"modified":"2006-09-26T14:56:36","modified_gmt":"2006-09-26T13:56:36","slug":"rodruiguez-zapatero-se-pasa-a-yahoo","status":"publish","type":"post","link":"http:\/\/aula21.net\/aulablog21\/archives\/2006\/09\/26\/rodruiguez-zapatero-se-pasa-a-yahoo\/","title":{"rendered":"Rodriguez Zapatero se pasa a Yahoo"},"content":{"rendered":"<p>\u00bfPero que habr\u00e1 hecho yahoo para recibir semejante castigo? se pensar\u00e1 alguno del PP e incluso hasta del PSOE&#8230;<\/p>\n<p><a href=\"http:\/\/www.vnunet.es\/Actualidad\/Noticias\/Inform\u00e1tica_profesional\/Personajes\/20060926016\" target=\"_blank\">Yahoo! nombra vicepresidente europeo de ventas a Rodr\u00edguez Zapatero<\/a><\/p>\n","protected":false},"excerpt":{"rendered":"<p>\u00bfPero que habr\u00e1 hecho yahoo para recibir semejante castigo? se pensar\u00e1 alguno del PP e incluso hasta del PSOE&#8230; Yahoo! nombra vicepresidente europeo de ventas a Rodr\u00edguez Zapatero<\/p>\n","protected":false},"author":1,"featured_media":0,"comment_status":"open","ping_status":"open","sticky":false,"template":"","format":"standard","meta":{"footnotes":""},"categories":[1],"tags":[],"class_list":["post-1015","post","type-post","status-publish","format-standard","hentry","category-miscelanea"],"_links":{"self":[{"href":"http:\/\/aula21.net\/aulablog21\/wp-json\/wp\/v2\/posts\/1015","targetHints":{"allow":["GET"]}}],"collection":[{"href":"http:\/\/aula21.net\/aulablog21\/wp-json\/wp\/v2\/posts"}],"about":[{"href":"http:\/\/aula21.net\/aulablog21\/wp-json\/wp\/v2\/types\/post"}],"author":[{"embeddable":true,"href":"http:\/\/aula21.net\/aulablog21\/wp-json\/wp\/v2\/users\/1"}],"replies":[{"embeddable":true,"href":"http:\/\/aula21.net\/aulablog21\/wp-json\/wp\/v2\/comments?post=1015"}],"version-history":[{"count":0,"href":"http:\/\/aula21.net\/aulablog21\/wp-json\/wp\/v2\/posts\/1015\/revisions"}],"wp:attachment":[{"href":"http:\/\/aula21.net\/aulablog21\/wp-json\/wp\/v2\/media?parent=1015"}],"wp:term":[{"taxonomy":"category","embeddable":true,"href":"http:\/\/aula21.net\/aulablog21\/wp-json\/wp\/v2\/categories?post=1015"},{"taxonomy":"post_tag","embeddable":true,"href":"http:\/\/aula21.net\/aulablog21\/wp-json\/wp\/v2\/tags?post=1015"}],"curies":[{"name":"wp","href":"https:\/\/api.w.org\/{rel}","templated":true}]}}