{"id":1068,"date":"2006-11-04T17:08:11","date_gmt":"2006-11-04T16:08:11","guid":{"rendered":"http:\/\/www.aula21.net\/aulablog21\/archives\/2006\/11\/04\/clic-a-los-blogs-de-colegios-e-instituos\/"},"modified":"2006-11-04T22:24:33","modified_gmt":"2006-11-04T21:24:33","slug":"clic-a-los-blogs-de-colegios-e-instituos","status":"publish","type":"post","link":"http:\/\/aula21.net\/aulablog21\/archives\/2006\/11\/04\/clic-a-los-blogs-de-colegios-e-instituos\/","title":{"rendered":"Clic a los blogs de colegios e institutos"},"content":{"rendered":"<p>En \u00abEl Pa\u00eds\u00bb del dia 3 de Noviembre (edici\u00f3n Comunidad Valenciana) <a href=\"http:\/\/www.elpais.es\/articulo\/Comunidad\/Valenciana\/Clic\/blogs\/colegios\/institutos\/elpepiautval\/20061103elpval_19\/Tes\/\">aparece un art\u00edculo sobre el Seminario Blogs &#038; B.E.E.R.S. <\/a> (Blogs&#8230;&#038; The Best Education E-learning Resources of Sagunt\u00bb.<br \/>\nAl mismo pertenece el c\u00e9lebre blogfesor de blogfesores Felipe Zayas que <a href=\"http:\/\/darlealalengua.blogspot.com\/2006\/10\/se-abre-el-seminari-dedubloggers-blogs.html#links\">nos da m\u00e1s detalles sobre dicho Seminario<\/a>.<\/p>\n<p>Ayer descubr\u00ed un interesante art\u00edculo que no recuerdo haber rese\u00f1ado en el que Felipe relata sus experiencias con Edublogs, leer <a href=\"http:\/\/www.quadernsdigitals.net\/index.php?accionMenu=buscador.VisualizaResultadoBuscadorIU.visualiza&#038;seccion=8&#038;articulo_id=9001\">\u00abMis primeras experiencias con los blogs en el aula\u00bb<\/a><br \/>\nUn art\u00edculo m\u00e1s que ser\u00e1 incorporado a la revisi\u00f3n de la <a href=\"http:\/\/www.aulablog.com\/weblografia-imprescindible-de-edublogs\">Weblograf\u00eda imprescindible de Edublogs<\/a> que ser\u00e1 publicada en Diciembre<\/p>\n","protected":false},"excerpt":{"rendered":"<p>En \u00abEl Pa\u00eds\u00bb del dia 3 de Noviembre (edici\u00f3n Comunidad Valenciana) aparece un art\u00edculo sobre el Seminario Blogs &#038; B.E.E.R.S. (Blogs&#8230;&#038; The Best Education E-learning Resources of Sagunt\u00bb. Al mismo pertenece el c\u00e9lebre blogfesor de blogfesores Felipe Zayas que nos da m\u00e1s detalles sobre dicho Seminario. Ayer descubr\u00ed un interesante art\u00edculo que no recuerdo haber [&hellip;]<\/p>\n","protected":false},"author":1,"featured_media":0,"comment_status":"open","ping_status":"open","sticky":false,"template":"","format":"standard","meta":{"footnotes":""},"categories":[2],"tags":[],"class_list":["post-1068","post","type-post","status-publish","format-standard","hentry","category-weblogs_en_el_aula"],"_links":{"self":[{"href":"http:\/\/aula21.net\/aulablog21\/wp-json\/wp\/v2\/posts\/1068","targetHints":{"allow":["GET"]}}],"collection":[{"href":"http:\/\/aula21.net\/aulablog21\/wp-json\/wp\/v2\/posts"}],"about":[{"href":"http:\/\/aula21.net\/aulablog21\/wp-json\/wp\/v2\/types\/post"}],"author":[{"embeddable":true,"href":"http:\/\/aula21.net\/aulablog21\/wp-json\/wp\/v2\/users\/1"}],"replies":[{"embeddable":true,"href":"http:\/\/aula21.net\/aulablog21\/wp-json\/wp\/v2\/comments?post=1068"}],"version-history":[{"count":0,"href":"http:\/\/aula21.net\/aulablog21\/wp-json\/wp\/v2\/posts\/1068\/revisions"}],"wp:attachment":[{"href":"http:\/\/aula21.net\/aulablog21\/wp-json\/wp\/v2\/media?parent=1068"}],"wp:term":[{"taxonomy":"category","embeddable":true,"href":"http:\/\/aula21.net\/aulablog21\/wp-json\/wp\/v2\/categories?post=1068"},{"taxonomy":"post_tag","embeddable":true,"href":"http:\/\/aula21.net\/aulablog21\/wp-json\/wp\/v2\/tags?post=1068"}],"curies":[{"name":"wp","href":"https:\/\/api.w.org\/{rel}","templated":true}]}}