{"id":1073,"date":"2006-11-08T12:09:01","date_gmt":"2006-11-08T11:09:01","guid":{"rendered":"http:\/\/www.aula21.net\/aulablog21\/archives\/2006\/11\/08\/exito-de-la-huelga\/"},"modified":"2008-07-26T15:39:35","modified_gmt":"2008-07-26T14:39:35","slug":"exito-de-la-huelga","status":"publish","type":"post","link":"http:\/\/aula21.net\/aulablog21\/archives\/2006\/11\/08\/exito-de-la-huelga\/","title":{"rendered":"Exito de la huelga pro Cabanillas = dignidad docente"},"content":{"rendered":"<p>La huelga convocada a ra\u00edz de lo sucedido a Carlos Cabanillas ha sido un \u00e9xitazo de participaci\u00f3n.<\/p>\n<p>-Noticia en portada del diario HOY.<a href=\"http:\/\/www.hoy.es\/prensa\/20061108\/regional\/personas-apoyan-profesor-almendralejo_20061108.html\"> Dos mil personas apoyan al profesor de Almendralejo Carlos Cabanillas<\/a><br \/>\nUnos 80 centros de la regi\u00f3n secundaron la jornada de huelga de ayer. Exigen soluciones para crear un clima de convivencia en las aulas.<br \/>\n&#8211; Noticia en portada diario El Peri\u00f3dico de Extremadura.<br \/>\nEL EJECUTIVO REGIONAL CIFRA EN UN 25%, UNOS 4.000 PROFESORES, EL SEGUIMIENTO DE LA PROTESTA CONVOCADA POR PIDE<br \/>\n<a href=\"http:\/\/www.hoy.es\/prensa\/20061108\/regional\/personas-apoyan-profesor-almendralejo_20061108.html\">Miles de profesores secundan la huelga y piden respaldo a la Junta<\/a><br \/>\nDocentes de toda la regi\u00f3n apoyan al profesor de Almendralejo condenado por injurias a un alumno. Exigen que la Administraci\u00f3n les ofrezca m\u00e1s ayuda jur\u00eddico y Educaci\u00f3n asegura que ya lo est\u00e1 haciendo.<br \/>\n&#8211; En el diario ABC. <a href=\"http:\/\/www.abc.es\/20061108\/nacional-nacional\/exito-paro-docentes-condena_200611080950.html\">\u00c9xito del paro de docentes por la condena al profesor extreme\u00f1o que insult\u00f3 a un alumno <\/a><br \/>\n&#8211; En Europa Press.<a href=\"http:\/\/www.europapress.es\/noticia.aspx?cod=20061106113348&#038;ch=175\"> El sindicato PIDE anima a los docentes de la regi\u00f3n a secundar la huelga en apoyo a un profesor de Almendralejo.<\/a><\/p>\n<p>&#8211; <a href=\"http:\/\/iessapostol.juntaextremadura.net\/blogs\/index.php?blog=1&#038;title=7_n&#038;more=1&#038;c=1&#038;tb=1&#038;pb=1\">Listado de los Centros que se han sumado a la huelga. <\/a>Quiero destacar el elevado n\u00famero de compa\u00f1eros de primaria que se han sumado a la misma.<br \/>\n<a href=\"http:\/\/www.europapress.es\/noticia.aspx?cod=20061106113348&#038;ch=175\" \/><a onfocus=\"this.blur()\" onclick=\"ps_imagemanager_popup(this.href,'einsteinshow.jpg','500','375');return false\" href=\"http:\/\/www.aula21.net\/aulablog21\/wp-content\/uploads\/einsteinshow.jpg\"><img loading=\"lazy\" decoding=\"async\" title=\"einsteinshow.jpg\" height=\"375\" alt=\"einsteinshow.jpg\" src=\"http:\/\/www.aula21.net\/aulablog21\/wp-content\/uploads\/einsteinshow.jpg\" width=\"450\" align=\"middle\" border=\"0\" \/><\/a><br \/>\nCreo que el resto de sindicatos se van a arrepentir muy pronto de no haber apoyado a Carlos si es que no lo han hecho ya&#8230;<br \/>\nLa Consejera parece que no lo tiene claro y que no ha estado bien informada ni asesorada en el tema&#8230;<br \/>\n<a href=\"http:\/\/www.extremaduraaldia.com\/extremadura\/iu-critica-que-educacion-ha-excluido-a-pide-del-compromiso-por-la-convivencia-en-represalia-por-convocar-la-huelga\/27495.html\">IU critica que Educaci\u00f3n ha excluido a PIDE del compromiso por la convivencia en \u00abrepresalia\u00bb por convocar la huelga<\/a> hmmmmmmmmmmmm mal rollo. Los del PIDE estar\u00e1n encantados, se acercan las elecciones sindicales y tendr\u00e1n su merecida recompensa.<\/p>\n<p>Impresionante comportamiento de toda la comunidad educativa, si queremos podemos entre todos modificar ese barco a la deriva que se llama \u00abLa educaci\u00f3n de nuestros hijos y alumnos\u00bb<\/p>\n<p>Con todo el dolor de mi coraz\u00f3n no pude estar de cuerpo presente en la manifestaci\u00f3n pues estuve haciendo \u00abServicios m\u00ednimos\u00bb en el compromiso que Carlos y yo teniamos desde hace tiempo <a href=\"http:\/\/www.universidadeslectoras.com\">en el Palacio de Congresos de Badajoz.<\/a><\/p>\n<p>Estuve bien representado por mi mujer e hija que tambi\u00e9n tuvieron huelga.<\/p>\n","protected":false},"excerpt":{"rendered":"<p>La huelga convocada a ra\u00edz de lo sucedido a Carlos Cabanillas ha sido un \u00e9xitazo de participaci\u00f3n. -Noticia en portada del diario HOY. Dos mil personas apoyan al profesor de Almendralejo Carlos Cabanillas Unos 80 centros de la regi\u00f3n secundaron la jornada de huelga de ayer. Exigen soluciones para crear un clima de convivencia en [&hellip;]<\/p>\n","protected":false},"author":1,"featured_media":0,"comment_status":"open","ping_status":"open","sticky":false,"template":"","format":"standard","meta":{"footnotes":""},"categories":[8,7],"tags":[],"class_list":["post-1073","post","type-post","status-publish","format-standard","hentry","category-educacion_e_internet","category-personal"],"_links":{"self":[{"href":"http:\/\/aula21.net\/aulablog21\/wp-json\/wp\/v2\/posts\/1073","targetHints":{"allow":["GET"]}}],"collection":[{"href":"http:\/\/aula21.net\/aulablog21\/wp-json\/wp\/v2\/posts"}],"about":[{"href":"http:\/\/aula21.net\/aulablog21\/wp-json\/wp\/v2\/types\/post"}],"author":[{"embeddable":true,"href":"http:\/\/aula21.net\/aulablog21\/wp-json\/wp\/v2\/users\/1"}],"replies":[{"embeddable":true,"href":"http:\/\/aula21.net\/aulablog21\/wp-json\/wp\/v2\/comments?post=1073"}],"version-history":[{"count":0,"href":"http:\/\/aula21.net\/aulablog21\/wp-json\/wp\/v2\/posts\/1073\/revisions"}],"wp:attachment":[{"href":"http:\/\/aula21.net\/aulablog21\/wp-json\/wp\/v2\/media?parent=1073"}],"wp:term":[{"taxonomy":"category","embeddable":true,"href":"http:\/\/aula21.net\/aulablog21\/wp-json\/wp\/v2\/categories?post=1073"},{"taxonomy":"post_tag","embeddable":true,"href":"http:\/\/aula21.net\/aulablog21\/wp-json\/wp\/v2\/tags?post=1073"}],"curies":[{"name":"wp","href":"https:\/\/api.w.org\/{rel}","templated":true}]}}