{"id":1080,"date":"2006-11-14T12:15:24","date_gmt":"2006-11-14T11:15:24","guid":{"rendered":"http:\/\/www.aula21.net\/aulablog21\/archives\/2006\/11\/14\/sordera-y-nuevas-tecnologias\/"},"modified":"2006-11-14T12:15:24","modified_gmt":"2006-11-14T11:15:24","slug":"sordera-y-nuevas-tecnologias","status":"publish","type":"post","link":"http:\/\/aula21.net\/aulablog21\/archives\/2006\/11\/14\/sordera-y-nuevas-tecnologias\/","title":{"rendered":"Sordera y Nuevas tecnolog\u00edas"},"content":{"rendered":"<p>\u00a0El monogr\u00e1fico del mes en el <a href=\"http:\/\/observatorio.cnice.mec.es\/\">Observatorio Tecnol\u00f3gico del CNICE<\/a> est\u00e1 dedicado a la Sordera y las Nuevas Tecnolog\u00edas<\/p>\n<p>&#8211;<a href=\"http:\/\/observatorio.cnice.mec.es\/modules.php?op=modload&#038;name=News&#038;file=article&#038;sid=391\">Sordera y tecnolog\u00eda<\/a>\u00a0<br \/>\n&#8211;<a href=\"http:\/\/observatorio.cnice.mec.es\/modules.php?op=modload&#038;name=News&#038;file=article&#038;sid=390\">Contribuci\u00f3n del Implante Coclear en el desarrollo del lenguaje oral en el ni\u00f1o sordo<br \/>\n<\/a>&#8211;<a href=\"http:\/\/observatorio.cnice.mec.es\/modules.php?op=modload&#038;name=News&#038;file=article&#038;sid=395\">La tecnolog\u00eda de FM <\/a><a href=\"http:\/\/observatorio.cnice.mec.es\/modules.php?op=modload&#038;name=News&#038;file=article&#038;sid=380\" \/><br \/>\n&#8211;<a href=\"http:\/\/observatorio.cnice.mec.es\/modules.php?op=modload&#038;name=News&#038;file=article&#038;sid=396\">Avances tecnol\u00f3gicos en las pr\u00f3tesis auditivas<\/a><br \/>\n&#8211;<a href=\"http:\/\/observatorio.cnice.mec.es\/modules.php?op=modload&#038;name=News&#038;file=article&#038;sid=397\"> Nuevas tecnolog\u00edas en la rehabilitaci\u00f3n del ni\u00f1o sordo<\/a><\/p>\n","protected":false},"excerpt":{"rendered":"<p>\u00a0El monogr\u00e1fico del mes en el Observatorio Tecnol\u00f3gico del CNICE est\u00e1 dedicado a la Sordera y las Nuevas Tecnolog\u00edas &#8211;Sordera y tecnolog\u00eda\u00a0 &#8211;Contribuci\u00f3n del Implante Coclear en el desarrollo del lenguaje oral en el ni\u00f1o sordo &#8211;La tecnolog\u00eda de FM &#8211;Avances tecnol\u00f3gicos en las pr\u00f3tesis auditivas &#8211; Nuevas tecnolog\u00edas en la rehabilitaci\u00f3n del ni\u00f1o sordo<\/p>\n","protected":false},"author":1,"featured_media":0,"comment_status":"open","ping_status":"open","sticky":false,"template":"","format":"standard","meta":{"footnotes":""},"categories":[8,1],"tags":[],"class_list":["post-1080","post","type-post","status-publish","format-standard","hentry","category-educacion_e_internet","category-miscelanea"],"_links":{"self":[{"href":"http:\/\/aula21.net\/aulablog21\/wp-json\/wp\/v2\/posts\/1080","targetHints":{"allow":["GET"]}}],"collection":[{"href":"http:\/\/aula21.net\/aulablog21\/wp-json\/wp\/v2\/posts"}],"about":[{"href":"http:\/\/aula21.net\/aulablog21\/wp-json\/wp\/v2\/types\/post"}],"author":[{"embeddable":true,"href":"http:\/\/aula21.net\/aulablog21\/wp-json\/wp\/v2\/users\/1"}],"replies":[{"embeddable":true,"href":"http:\/\/aula21.net\/aulablog21\/wp-json\/wp\/v2\/comments?post=1080"}],"version-history":[{"count":0,"href":"http:\/\/aula21.net\/aulablog21\/wp-json\/wp\/v2\/posts\/1080\/revisions"}],"wp:attachment":[{"href":"http:\/\/aula21.net\/aulablog21\/wp-json\/wp\/v2\/media?parent=1080"}],"wp:term":[{"taxonomy":"category","embeddable":true,"href":"http:\/\/aula21.net\/aulablog21\/wp-json\/wp\/v2\/categories?post=1080"},{"taxonomy":"post_tag","embeddable":true,"href":"http:\/\/aula21.net\/aulablog21\/wp-json\/wp\/v2\/tags?post=1080"}],"curies":[{"name":"wp","href":"https:\/\/api.w.org\/{rel}","templated":true}]}}