{"id":1088,"date":"2006-11-16T13:13:28","date_gmt":"2006-11-16T12:13:28","guid":{"rendered":"http:\/\/www.aula21.net\/aulablog21\/archives\/2006\/11\/16\/huelga-de-profesores\/"},"modified":"2006-11-21T08:52:16","modified_gmt":"2006-11-21T07:52:16","slug":"huelga-de-profesores","status":"publish","type":"post","link":"http:\/\/aula21.net\/aulablog21\/archives\/2006\/11\/16\/huelga-de-profesores\/","title":{"rendered":"Huelga de profesores"},"content":{"rendered":"<p>Me ha gustado mucho el tono y la actitud que demuestra esta madre en una carta <a href=\"http:\/\/www.elperiodicoextremadura.com\/noticias\/noticia.asp?pkid=270348\">publicada hoy en El Peri\u00f3dico Extremadura<\/a> a ra\u00edz de la huelga que tuvimos en Extremadura por el caso de Carlos y en general por la indefesi\u00f3n de los docentes ante las muchas agresiones que sufrimos a diario.<\/p>\n<p>Pienso que como m\u00edmimo el 90% de los padres piensan igual que esta madre y que debemos volver al buen rollo pues el clima se est\u00e1 volviendo insoportable, hay much\u00edsimos alumnos que nos necesitan y much\u00edsimos padres que nos apoyan. Eduquemos con cari\u00f1o y pidamos colaboraci\u00f3n a los padres, no dejemos que esto siga as\u00ed entre todos podemos conseguirlo de eso estoy convencido.<\/p>\n<p>La carta dice as\u00ed:<br \/>\nLeo con asombro en la prensa regional que la Freapa critica la huelga de los profesores del pasado 7 de noviembre y, por otra parte que los sindicatos consideran la huelga inoportuna. Yo soy madre de 3 hijos en edades escolares y pertenezco a la AMPA y estoy totalmente de acuerdo con esa huelga que va a costar a los profesores que la han secundado, una parte de su sueldo.<\/p>\n<p>Dice la Freapa que lo horrible de la huelga fue que \u00abdej\u00f3 el martes sin clase a miles de alumnos\u00bb y a m\u00ed lo que realmente me preocupa es que con la situaci\u00f3n actual de la ense\u00f1anza, cada d\u00eda los profesores y muchos alumnos pierden m\u00e1s de la mitad de la clase porque <em>esas minor\u00edas    <\/em> faltas de responsabilidad, desmotivadas, etc\u00e9tera, lo \u00fanico que hacen es distorsionar el funcionamiento normal del grupo. Pero eso parece que a algunos padres no les preocupa. \u00bfTienen que ocurrir hechos m\u00e1s graves para que los sindicatos vean oportunas la huelga?, \u00bfm\u00e1s graves a\u00fan? O es que desconocen lo que realmente est\u00e1 ocurriendo.<\/p>\n<p>Por parte de la consejer\u00eda me parece <em>curioso    <\/em> que precisamente sea ese d\u00eda, el mismo que estaba convocada la huelga de los profesores, cuando decida reunirse con los sindicatos para tomar <em>medidas    <\/em>. Medidas curiosas como crear el Observatorio de la Convivencia. Yo propongo que en lugar de crear <em>ese observatorio    <\/em> se pregunte sencillamente a los profesores o a los jefes de estudio sobre la actitud de chavales concretos, se promuevan las relaciones familia-escuela, se conf\u00ede m\u00e1s en la profesionalidad de los docentes y se les d\u00e9 el valor social que realmente deben tener&#8230; y dej\u00e9monos de simplezas como el que un profesor haya llamado <em>gilipollas    <\/em> a un alumno. \u00bfAlg\u00fan padre no le ha llamado as\u00ed o incluso cosas peores a sus hijos adolescentes?<\/p>\n<p>Por otra parte, y muy importante, no veo ning\u00fan motivo pol\u00edtico en esa huelga, lo que s\u00ed veo claramente es un gesto de responsabilidad y generosidad por parte de los profesores y una llamada a la dignidad profesional, profesi\u00f3n que nadie les ha regalado sino que la han conseguido con mucho esfuerzo.<\/p>\n<p>Se necesitan personas que pongan las cosas en su sitio y eso es muy dif\u00edcil, personas como por ejemplo la se\u00f1ora consejera, los sindicatos y la Freapa, pero eso es mucho m\u00e1s dif\u00edcil que criticar \u00bfa que s\u00ed? Animo a los profesores que por su bien y el de sus alumnos y alumnas, sigan manifestando su descontento y me gustar\u00eda decirle a los padres que debemos ser mucho m\u00e1s serios y m\u00e1s responsables con la educaci\u00f3n de nuestros hijos.<\/p>\n<p>Soledad Guti\u00e9rrez Narv\u00e1ez **<\/p>\n<p>M\u00e9rida<\/p>\n","protected":false},"excerpt":{"rendered":"<p>Me ha gustado mucho el tono y la actitud que demuestra esta madre en una carta publicada hoy en El Peri\u00f3dico Extremadura a ra\u00edz de la huelga que tuvimos en Extremadura por el caso de Carlos y en general por la indefesi\u00f3n de los docentes ante las muchas agresiones que sufrimos a diario. Pienso que [&hellip;]<\/p>\n","protected":false},"author":1,"featured_media":0,"comment_status":"open","ping_status":"open","sticky":false,"template":"","format":"standard","meta":{"footnotes":""},"categories":[8],"tags":[],"class_list":["post-1088","post","type-post","status-publish","format-standard","hentry","category-educacion_e_internet"],"_links":{"self":[{"href":"http:\/\/aula21.net\/aulablog21\/wp-json\/wp\/v2\/posts\/1088","targetHints":{"allow":["GET"]}}],"collection":[{"href":"http:\/\/aula21.net\/aulablog21\/wp-json\/wp\/v2\/posts"}],"about":[{"href":"http:\/\/aula21.net\/aulablog21\/wp-json\/wp\/v2\/types\/post"}],"author":[{"embeddable":true,"href":"http:\/\/aula21.net\/aulablog21\/wp-json\/wp\/v2\/users\/1"}],"replies":[{"embeddable":true,"href":"http:\/\/aula21.net\/aulablog21\/wp-json\/wp\/v2\/comments?post=1088"}],"version-history":[{"count":0,"href":"http:\/\/aula21.net\/aulablog21\/wp-json\/wp\/v2\/posts\/1088\/revisions"}],"wp:attachment":[{"href":"http:\/\/aula21.net\/aulablog21\/wp-json\/wp\/v2\/media?parent=1088"}],"wp:term":[{"taxonomy":"category","embeddable":true,"href":"http:\/\/aula21.net\/aulablog21\/wp-json\/wp\/v2\/categories?post=1088"},{"taxonomy":"post_tag","embeddable":true,"href":"http:\/\/aula21.net\/aulablog21\/wp-json\/wp\/v2\/tags?post=1088"}],"curies":[{"name":"wp","href":"https:\/\/api.w.org\/{rel}","templated":true}]}}