{"id":1089,"date":"2006-11-16T17:42:04","date_gmt":"2006-11-16T16:42:04","guid":{"rendered":"http:\/\/www.aula21.net\/aulablog21\/archives\/2006\/11\/16\/cuadernos-ciudadanos-un-blog-para-cada-ciudadano\/"},"modified":"2006-11-16T17:50:43","modified_gmt":"2006-11-16T16:50:43","slug":"cuadernos-ciudadanos-un-blog-para-cada-ciudadano","status":"publish","type":"post","link":"http:\/\/aula21.net\/aulablog21\/archives\/2006\/11\/16\/cuadernos-ciudadanos-un-blog-para-cada-ciudadano\/","title":{"rendered":"Cuadernos Ciudadanos: un blog para cada ciudadano"},"content":{"rendered":"<p>Noticia\u00a0 de Europa Press\u00a0\u00a0 Vecinos y colectivos tendr\u00e1n un diario personal en internet La iniciativa forma parte de una campa\u00f1a nacional de Europa Press.<a href=\"http:\/\/www.elperiodicoextremadura.com\/noticias\/noticia.asp?pkid=270442\">Noticia de El peri\u00f3dico Extremadura<\/a><\/p>\n<div id=\"cuerpoDeLaNoticia\">\u00a0\u00a0<\/p>\n<p><em>Los almendralejenses pueden tener ya su propio diario personal en internet, despu\u00e9s de que ayer Europa Press iniciara su campa\u00f1a Cuadernos Ciudadanos: un blog para cada ciudadano . <\/em><\/p>\n<p><em>La capital de Tierra de Barros es la primera localidad de la regi\u00f3n en la que se pone en marcha este servicio y a ella se sumar\u00e1 hoy Castuera y ma\u00f1ana Arroyo de la Luz. En Espa\u00f1a ya hay m\u00e1s de cien municipios. <\/em><\/p>\n<p><em>Con esta iniciativa los ciudadanos y asociaciones locales pueden crear su propio blog que podr\u00e1n utilizar como un diario personal en internet, en el que podr\u00e1n colocar todo el contenido e informaci\u00f3n que deseen. Estos se podr\u00e1 hacer a trav\u00e9s de la direcci\u00f3n <\/em><a href=\"http:\/\/www.almendralejo.cuadernosciudadanos.net\"><em>www.almendralejo.cuadernosciudadanos.net<\/em><\/a><em> y pr\u00f3ximamente a trav\u00e9s de la p\u00e1gina del ayuntamiento. <\/em><\/p>\n<p><em>Adem\u00e1s, durante estos d\u00edas se est\u00e1n impartiendo una serie de talleres para los colectivos en los Nuevos Centros del Conocimientos (NNC) para explicar a los asistentes c\u00f3mo utilizar los blogs. <\/em><\/p>\n<p><em>El coordinador de esta campa\u00f1a, Manuel Recio, asegur\u00f3 ayer que los objetivos son: generar una comunidad virtual con intereses comunes basados en el territorio, proporcionar a la ciudadan\u00eda nuevas posibilidades de comunicaci\u00f3n y dar a conocer Almendralejo al exterior a trav\u00e9s de sus habitantes.<\/em><\/p>\n<p>La verdad que el sistema adolece de todo pienso que la iniciativa es buena pero el CMS elegido es de pena, sin apenas opciones para nada. <a href=\"http:\/\/www.aula21.net\/res\/Manual_CuadernosCiudadanos.pdf\">Manual de uso (PDF)<\/a><\/p>\n<p>\u00a0<\/p><\/div>\n","protected":false},"excerpt":{"rendered":"<p>Noticia\u00a0 de Europa Press\u00a0\u00a0 Vecinos y colectivos tendr\u00e1n un diario personal en internet La iniciativa forma parte de una campa\u00f1a nacional de Europa Press.Noticia de El peri\u00f3dico Extremadura \u00a0\u00a0 Los almendralejenses pueden tener ya su propio diario personal en internet, despu\u00e9s de que ayer Europa Press iniciara su campa\u00f1a Cuadernos Ciudadanos: un blog para cada [&hellip;]<\/p>\n","protected":false},"author":1,"featured_media":0,"comment_status":"open","ping_status":"open","sticky":false,"template":"","format":"standard","meta":{"footnotes":""},"categories":[3],"tags":[],"class_list":["post-1089","post","type-post","status-publish","format-standard","hentry","category-weblogs_herramientas_trucos_etc"],"_links":{"self":[{"href":"http:\/\/aula21.net\/aulablog21\/wp-json\/wp\/v2\/posts\/1089","targetHints":{"allow":["GET"]}}],"collection":[{"href":"http:\/\/aula21.net\/aulablog21\/wp-json\/wp\/v2\/posts"}],"about":[{"href":"http:\/\/aula21.net\/aulablog21\/wp-json\/wp\/v2\/types\/post"}],"author":[{"embeddable":true,"href":"http:\/\/aula21.net\/aulablog21\/wp-json\/wp\/v2\/users\/1"}],"replies":[{"embeddable":true,"href":"http:\/\/aula21.net\/aulablog21\/wp-json\/wp\/v2\/comments?post=1089"}],"version-history":[{"count":0,"href":"http:\/\/aula21.net\/aulablog21\/wp-json\/wp\/v2\/posts\/1089\/revisions"}],"wp:attachment":[{"href":"http:\/\/aula21.net\/aulablog21\/wp-json\/wp\/v2\/media?parent=1089"}],"wp:term":[{"taxonomy":"category","embeddable":true,"href":"http:\/\/aula21.net\/aulablog21\/wp-json\/wp\/v2\/categories?post=1089"},{"taxonomy":"post_tag","embeddable":true,"href":"http:\/\/aula21.net\/aulablog21\/wp-json\/wp\/v2\/tags?post=1089"}],"curies":[{"name":"wp","href":"https:\/\/api.w.org\/{rel}","templated":true}]}}