{"id":1096,"date":"2006-11-20T11:36:45","date_gmt":"2006-11-20T10:36:45","guid":{"rendered":"http:\/\/www.aula21.net\/aulablog21\/archives\/2006\/11\/20\/la-quimica-del-amor\/"},"modified":"2006-11-20T11:46:06","modified_gmt":"2006-11-20T10:46:06","slug":"la-quimica-del-amor","status":"publish","type":"post","link":"http:\/\/aula21.net\/aulablog21\/archives\/2006\/11\/20\/la-quimica-del-amor\/","title":{"rendered":"La Qu\u00edmica del amor me persigue"},"content":{"rendered":"<p>El d\u00eda comenz\u00f3 leyendo en el Peri\u00f3dico Extremadura <a href=\"http:\/\/www.elperiodicoextremadura.com\/noticias\/noticia.asp?pkid=271119\">un art\u00edculo acerca de la Qu\u00edmica del enamoramiento<\/a> tema que yo abord\u00e9 hace ya seis a\u00f1os.<br \/>\nA raiz de una entrevista que me hizo una periodista de la agencia EFE sal\u00ed en Telecinco, Canal Sur y un mont\u00f3n de emisoras de radio.<br \/>\nTodos los a\u00f1os por San Valent\u00edn me siguen llamando de alguna, el tema da para tanto que estuve por varios institutos extreme\u00f1os impartiendo una conferencia de 1 hora de duraci\u00f3n con gran \u00e9xito.<br \/>\nPosteriormente publiqu\u00e9 <a href=\"http:\/\/centros5.pntic.mec.es\/ies.victoria.kent\/Rincon-C\/Curiosid\/Rc-51.htm\">un art\u00edculo en El Rinc\u00f3n de la Ciencia<\/a>.<br \/>\nResulta que cuando <a href=\"http:\/\/www.google.es\/search?hl=es&#038;q=quimica+del+amor&#038;btnG=B%C3%BAsqueda+en+Google&#038;meta=\">en Google pones como palabras clave qu\u00edmica del amor<\/a> mi art\u00edculo aparece en primer lugar de 1.550.000  resultados y por ello acuden tantas veces a mi los periodistas. Hoy sin ir m\u00e1s lejos recibo una llamada de Canal Extremadura para grabar una entrevista que ser\u00e1 emitida el mi\u00e9rcoles.<br \/>\nMe hubiera hecho m\u00e1s ilusi\u00f3n que me hubieran llamado para hablar de blogs pero que se le va a hacer algo es algo&#8230;<\/p>\n","protected":false},"excerpt":{"rendered":"<p>El d\u00eda comenz\u00f3 leyendo en el Peri\u00f3dico Extremadura un art\u00edculo acerca de la Qu\u00edmica del enamoramiento tema que yo abord\u00e9 hace ya seis a\u00f1os. A raiz de una entrevista que me hizo una periodista de la agencia EFE sal\u00ed en Telecinco, Canal Sur y un mont\u00f3n de emisoras de radio. Todos los a\u00f1os por San [&hellip;]<\/p>\n","protected":false},"author":1,"featured_media":0,"comment_status":"open","ping_status":"open","sticky":false,"template":"","format":"standard","meta":{"footnotes":""},"categories":[7],"tags":[],"class_list":["post-1096","post","type-post","status-publish","format-standard","hentry","category-personal"],"_links":{"self":[{"href":"http:\/\/aula21.net\/aulablog21\/wp-json\/wp\/v2\/posts\/1096","targetHints":{"allow":["GET"]}}],"collection":[{"href":"http:\/\/aula21.net\/aulablog21\/wp-json\/wp\/v2\/posts"}],"about":[{"href":"http:\/\/aula21.net\/aulablog21\/wp-json\/wp\/v2\/types\/post"}],"author":[{"embeddable":true,"href":"http:\/\/aula21.net\/aulablog21\/wp-json\/wp\/v2\/users\/1"}],"replies":[{"embeddable":true,"href":"http:\/\/aula21.net\/aulablog21\/wp-json\/wp\/v2\/comments?post=1096"}],"version-history":[{"count":0,"href":"http:\/\/aula21.net\/aulablog21\/wp-json\/wp\/v2\/posts\/1096\/revisions"}],"wp:attachment":[{"href":"http:\/\/aula21.net\/aulablog21\/wp-json\/wp\/v2\/media?parent=1096"}],"wp:term":[{"taxonomy":"category","embeddable":true,"href":"http:\/\/aula21.net\/aulablog21\/wp-json\/wp\/v2\/categories?post=1096"},{"taxonomy":"post_tag","embeddable":true,"href":"http:\/\/aula21.net\/aulablog21\/wp-json\/wp\/v2\/tags?post=1096"}],"curies":[{"name":"wp","href":"https:\/\/api.w.org\/{rel}","templated":true}]}}