{"id":1100,"date":"2006-11-20T21:05:40","date_gmt":"2006-11-20T20:05:40","guid":{"rendered":"http:\/\/www.aula21.net\/aulablog21\/archives\/2006\/11\/20\/la-freapa-se-merece-un-mejor-presidente-y-otro-asesor\/"},"modified":"2006-11-21T08:50:20","modified_gmt":"2006-11-21T07:50:20","slug":"la-freapa-se-merece-un-mejor-presidente-y-otro-asesor","status":"publish","type":"post","link":"http:\/\/aula21.net\/aulablog21\/archives\/2006\/11\/20\/la-freapa-se-merece-un-mejor-presidente-y-otro-asesor\/","title":{"rendered":"La Freapa se merece un mejor presidente y otro asesor&#8230;"},"content":{"rendered":"<p>A ra\u00edz de la huelga <a href=\"http:\/\/www.aula21.net\/aulablog21\/archives\/2006\/10\/08\/1026\/\">en apoyo de Cabanillas <\/a> y denuncia del estado de indefensi\u00f3n de los docentes en nuestra realidad nacional hubo <a href=\"http:\/\/www.hoy.es\/20061108\/regional\/freapa-acusa-profesores-paralizar_200611081306.html\">unas desafortunadas declaraciones de Rafael Delgado presidente de la FREAPA <\/a>(La Federaci\u00f3n Regional Extreme\u00f1a de Asociaciones de Madres y Padres de Alumnos de Centros P\u00fablicos) criticando al profesorado, este se\u00f1or est\u00e1 liberado de dar clases por ello se entienden mejor sus declaraciones.<br \/>\nPero lo peor no fu\u00e9 esto sino las declaraciones que posteriormente hizo un tal Jos\u00e9 L\u00f3pez asesor legal de la citada Federaci\u00f3n por las que la asesor\u00eda jur\u00eddica del CSIF le ha interpuesto una merecida demanda judicial.<br \/>\nDice el sindicato que la \u00abirresponsabilidad mostrada por este representante comparando demag\u00f3gicamente al profesorado con maltratadores de mujeres, y animando a los padres a agredir a los profesores porque no los tienen en cuenta, provoca un rechazo de este colectivo que dificulta la necesaria interrelaci\u00f3n entre ambos colectivos de la comunidad educativa\u00bb.<br \/>\nLas impresentables declaraciones <a href=\"http:\/\/\">pueden leerse aqu\u00ed en su totalidad<\/a>.<br \/>\nPara terminar la historia reproduzco la carta que hoy <a href=\"http:\/\/www.hoy.es\/prensa\/20061120\/cartas_opinion\/presidente-freapa_20061120.html\">aparece publicada en el diario extreme\u00f1o \u00abHoy\u00bb<\/a> en respuesta al Sr. Delgado firmada por 21 profesores del IES de Segura de Le\u00f3n.<\/p>\n<blockquote><p>De lamentables, sesgadas e indignantes pueden calificarse las declaraciones del presidente de FREAPA, Rafael Delgado, publicadas en este diario el 9 de noviembre, en referencia a la huelga de profesores del martes 7. De ellas se destacan lindezas de este calibre: \u00abLos profesores condenan a miles de alumnos a perder un d\u00eda de clase\u00bb, o \u00abno est\u00e1n acostumbrados a la ense\u00f1anza obligatoria\u00bb, o tambi\u00e9n \u00abcobran por ejercer su trabajo, aunque a veces no sea tan f\u00e1cil como a ellos les gustar\u00eda\u00bb. Le recordamos, se\u00f1or Delgado, que usted es tambi\u00e9n docente, y que suponemos, seguramente, que est\u00e1 liberado de su labor pues tampoco termin\u00f3 por &#8216;acostumbrarse&#8217; a la ense\u00f1anza obligatoria.<\/p>\n<p>Es evidente que usted no tiene en cuenta que todo trabajador (profesor o no) realiza un trabajo que merece dignidad y respeto, y tampoco que desde principios del s. XX existe un derecho de huelga como protesta por circunstancias laborales que consideramos injustas y denigrantes para nuestro colectivo. Y realmente lo son: nos encontramos ante abusos diarios, ingerencias, y ofensas, generadoras de una situaci\u00f3n de indefensi\u00f3n que, de no tratarse urgentemente, estallar\u00e1 conflictivamente m\u00e1s pronto que tarde. De seguir as\u00ed, el panorama de judicializaci\u00f3n de los conflictos escolares ser\u00e1 creciente, como \u00fanica medida de defensa de un sector del funcionariado (profesores), que ve condicionados sus derechos fundamentales (derecho al desarrollo de un trabajo en condiciones dignas).<\/p>\n<p>La situaci\u00f3n laboral de los docentes es cada vez m\u00e1s problem\u00e1tica en los centros: un sistema educativo que no funciona, basado en una ley general que cambia cada vez que el signo pol\u00edtico var\u00eda (hecho significativo de una sociedad en profunda crisis), desprestigio social de nuestra labor, desprecios, insultos y amenazas por parte de una minor\u00eda de alumnado y del sector de padres. Muchos entender\u00e1n nuestra situaci\u00f3n, pues diariamente se hace imposible el derecho a la educaci\u00f3n de sus propios hijos (norma constitucional), al existir una minor\u00eda de alumnado que no desea seguir estudiando y que nuestro sistema educativo &#8216;recoge&#8217; para simplemente actuar como &#8216;guarder\u00edas&#8217;. El Estado se ha desentendido de la formaci\u00f3n de estos alumnos, que seguramente con la estructura curricular de la E.S.O. se sienten \u00abdesasistidos\u00bb y por eso rechazan todo el sistema; los pol\u00edticos impusieron en su d\u00eda la ense\u00f1anza obligatoria hasta los 16 a\u00f1os (para todos, quieran o no estudiar), y se lavaron las manos de sus consecuencias, que ahora sufrimos. Eso s\u00ed, mientras sus hijos van a los mejores colegios privados en los que no suele haber problemas, pero esa es otra historia&#8230;<\/p>\n<p>La postura del se\u00f1or Delgado, fiel portavoz no de los padres y madres sino de otros intereses (a buen entendedor&#8230;), contribuye sin duda a enrarecer a\u00fan m\u00e1s el ambiente en la comunidad educativa, y menosprecian a unos manifestantes por una causa justa, conscientes de que todos somos Carlos Cabanillas.<\/p><\/blockquote>\n<p>Harto estoy de ver como en todas las posibles comisiones que se crean para analizar y buscar soluciones al problema de la violencia escolar hay catedr\u00e1ticos de universidad, psic\u00f3logos de sal\u00f3n, liberados sindicales, pol\u00edticos y demas especies que tienen un denominador com\u00fan, el hecho de que no han pisado un aula en su vida o hace un mont\u00f3n de tiempo que huyeron de ellas.<br \/>\nPor favor que cuenten con la gente que lidia dia a dia con padres y alumnos.<\/p>\n","protected":false},"excerpt":{"rendered":"<p>A ra\u00edz de la huelga en apoyo de Cabanillas y denuncia del estado de indefensi\u00f3n de los docentes en nuestra realidad nacional hubo unas desafortunadas declaraciones de Rafael Delgado presidente de la FREAPA (La Federaci\u00f3n Regional Extreme\u00f1a de Asociaciones de Madres y Padres de Alumnos de Centros P\u00fablicos) criticando al profesorado, este se\u00f1or est\u00e1 liberado [&hellip;]<\/p>\n","protected":false},"author":1,"featured_media":0,"comment_status":"open","ping_status":"open","sticky":false,"template":"","format":"standard","meta":{"footnotes":""},"categories":[8],"tags":[],"class_list":["post-1100","post","type-post","status-publish","format-standard","hentry","category-educacion_e_internet"],"_links":{"self":[{"href":"http:\/\/aula21.net\/aulablog21\/wp-json\/wp\/v2\/posts\/1100","targetHints":{"allow":["GET"]}}],"collection":[{"href":"http:\/\/aula21.net\/aulablog21\/wp-json\/wp\/v2\/posts"}],"about":[{"href":"http:\/\/aula21.net\/aulablog21\/wp-json\/wp\/v2\/types\/post"}],"author":[{"embeddable":true,"href":"http:\/\/aula21.net\/aulablog21\/wp-json\/wp\/v2\/users\/1"}],"replies":[{"embeddable":true,"href":"http:\/\/aula21.net\/aulablog21\/wp-json\/wp\/v2\/comments?post=1100"}],"version-history":[{"count":0,"href":"http:\/\/aula21.net\/aulablog21\/wp-json\/wp\/v2\/posts\/1100\/revisions"}],"wp:attachment":[{"href":"http:\/\/aula21.net\/aulablog21\/wp-json\/wp\/v2\/media?parent=1100"}],"wp:term":[{"taxonomy":"category","embeddable":true,"href":"http:\/\/aula21.net\/aulablog21\/wp-json\/wp\/v2\/categories?post=1100"},{"taxonomy":"post_tag","embeddable":true,"href":"http:\/\/aula21.net\/aulablog21\/wp-json\/wp\/v2\/tags?post=1100"}],"curies":[{"name":"wp","href":"https:\/\/api.w.org\/{rel}","templated":true}]}}