{"id":111,"date":"2004-12-01T00:24:13","date_gmt":"2004-11-30T23:24:13","guid":{"rendered":"http:\/\/127.0.0.1\/wordpress2\/index.php\/archives\/2004\/12\/01\/educar-de-la-pedagogia-a-la-tecnologia\/"},"modified":"2004-12-18T22:10:51","modified_gmt":"2004-12-18T21:10:51","slug":"educar-de-la-pedagogia-a-la-tecnologia","status":"publish","type":"post","link":"http:\/\/aula21.net\/aulablog21\/archives\/2004\/12\/01\/educar-de-la-pedagogia-a-la-tecnologia\/","title":{"rendered":"Educar  \u00bfde la pedagog\u00eda a la tecnolog\u00eda?"},"content":{"rendered":"<p>En la secci\u00f3n &quot;Opini\u00f3n&quot; de el diario extreme\u00f1o <a href=\"http:\/\/www.hoy.es\/\">Hoy<\/a> con fecha 30\/11\/2004 podemos leer un art\u00edculo titulado <a href=\"http:\/\/www.hoy.es\/pg041130\/prensa\/noticias\/Articulos_Opinion\/200411\/30\/HOY-OPI-187.html\">&quot; Educar en la regi\u00f3n,\u00bf de la pedagog\u00eda a la tecnolog\u00eda ? &quot;<\/a> cuyo autor es Ju\u00e1n Auni\u00f3n Rodriguez profesor de Filosof\u00eda del <span class=\"caps\">IES <\/span>Aceuchal.<br \/>En el podemos leer:<br \/>Puede la tecnolog\u00eda por s\u00ed misma cambiar el panorama educativo? En verdad creemos que la banda ancha, la sociedad de la informaci\u00f3n y las autopistas del conocimiento modifican las actitudes? Es serio centrar todo el debate en el uso de las nuevas tecnolog\u00edas? Es el problema urgente o casi el \u00fanico en la Educaci\u00f3n?<\/p>\n<p>&quot;&#8230;..ciertas deficiencias que un ordenador no arreglar\u00e1 jam\u00e1s: la falta de ciertos especialistas en audici\u00f3n y lenguaje, en pedagog\u00eda terap\u00e9utica, m\u00e1s recursos humanos, regular en condiciones la ratio profesor-alumno, un plan serio de fomento de la lectura, dotaci\u00f3n de bibliotecas\u00a0o tomarse muy en serie el problema del absentismo, del fracaso o del abandono educativo&quot;.<br \/>Me ha parecido interesante y ya es hora de que empezemos a cuestionarnos que Educaci\u00f3n+TIC no tiene por que ser necesariamente igual a una mejor calidad de la ense\u00f1anza.<br \/>Puede incluso que sea condici\u00f3n necesar\u00eda para que nuestros alumnos sepan desenvolverse en su vida laboral futura, pero no es condici\u00f3n suficiente. Mucho menos si la implantaci\u00f3n de las <span class=\"caps\">TIC<\/span> en el aula se hace sin planificaci\u00f3n alguna.<br \/>\u00a0Primero metemos los Pcs en las aulas y que los pringaillos de los profesores se las arreglen para sacarles partido parecen decir los responsable pol\u00edticos que ni saben de <span class=\"caps\">TIC<\/span> ni saben que es el dia a dia en un aula y si el invento no funciona pues con decir que ello es debido a la comodidad de los docentes por no implicarse en la alfabetizaci\u00f3n inform\u00e1tica todo arreglado.<br \/>Hay mucha improvisaci\u00f3n y si no se toman las medidas adecuadas podemos llegar a una situaci\u00f3n que no se hab\u00eda producido nunca: que los alumnos dominen las nuevas herramientas de trabajo y que los educadores no las dominen. <br \/>Al respecto es muy interesante lo que dice <a href=\"http:\/\/www.marcprensky.com\/\">Marc Prensky<\/a> cuando diferencia entre nativos digitales (nuestros alumnos son ya multiplataforma, nacieron en un ambiente digital, el ordenador, Internet, tel\u00e9fono m\u00f3vil, Messenger forman parte de su organismo) , frente a los inmigrantes digitales. Los inmigrantes hablan con acento, les cuesta entender y por tanto expresarse digitalmente (esos somos nosotros la mayor\u00eda de los profes y casi la totalidad de los pol\u00edticos que gobiernan en nuestra sociedad). <\/p>\n<p>Solo les pedir\u00eda a los responsables pol\u00edticos que si no saben del tema que no tomen decisiones sin antes asesorarse y recabar la opini\u00f3n de los expertos que los hay y muchos pero no suelen estar afiliados a partidos pol\u00edticos, son gente normal que est\u00e1 a pie de aula dando clases y reflexionando sobre como mejorar el proceso de ense\u00f1anza-aprendizaje de sus alumnos. <\/p>\n","protected":false},"excerpt":{"rendered":"<p>En la secci\u00f3n &quot;Opini\u00f3n&quot; de el diario extreme\u00f1o Hoy con fecha 30\/11\/2004 podemos leer un art\u00edculo titulado &quot; Educar en la regi\u00f3n,\u00bf de la pedagog\u00eda a la tecnolog\u00eda ? &quot; cuyo autor es Ju\u00e1n Auni\u00f3n Rodriguez profesor de Filosof\u00eda del IES Aceuchal.En el podemos leer:Puede la tecnolog\u00eda por s\u00ed misma cambiar el panorama educativo? En [&hellip;]<\/p>\n","protected":false},"author":1,"featured_media":0,"comment_status":"open","ping_status":"open","sticky":false,"template":"","format":"standard","meta":{"footnotes":""},"categories":[8],"tags":[],"class_list":["post-111","post","type-post","status-publish","format-standard","hentry","category-educacion_e_internet"],"_links":{"self":[{"href":"http:\/\/aula21.net\/aulablog21\/wp-json\/wp\/v2\/posts\/111","targetHints":{"allow":["GET"]}}],"collection":[{"href":"http:\/\/aula21.net\/aulablog21\/wp-json\/wp\/v2\/posts"}],"about":[{"href":"http:\/\/aula21.net\/aulablog21\/wp-json\/wp\/v2\/types\/post"}],"author":[{"embeddable":true,"href":"http:\/\/aula21.net\/aulablog21\/wp-json\/wp\/v2\/users\/1"}],"replies":[{"embeddable":true,"href":"http:\/\/aula21.net\/aulablog21\/wp-json\/wp\/v2\/comments?post=111"}],"version-history":[{"count":0,"href":"http:\/\/aula21.net\/aulablog21\/wp-json\/wp\/v2\/posts\/111\/revisions"}],"wp:attachment":[{"href":"http:\/\/aula21.net\/aulablog21\/wp-json\/wp\/v2\/media?parent=111"}],"wp:term":[{"taxonomy":"category","embeddable":true,"href":"http:\/\/aula21.net\/aulablog21\/wp-json\/wp\/v2\/categories?post=111"},{"taxonomy":"post_tag","embeddable":true,"href":"http:\/\/aula21.net\/aulablog21\/wp-json\/wp\/v2\/tags?post=111"}],"curies":[{"name":"wp","href":"https:\/\/api.w.org\/{rel}","templated":true}]}}