{"id":1115,"date":"2006-11-28T17:59:17","date_gmt":"2006-11-28T16:59:17","guid":{"rendered":"http:\/\/www.aula21.net\/aulablog21\/archives\/2006\/11\/28\/primer-congreso-puertorriqueno-de-blogs-educativos\/"},"modified":"2006-11-28T17:59:17","modified_gmt":"2006-11-28T16:59:17","slug":"primer-congreso-puertorriqueno-de-blogs-educativos","status":"publish","type":"post","link":"http:\/\/aula21.net\/aulablog21\/archives\/2006\/11\/28\/primer-congreso-puertorriqueno-de-blogs-educativos\/","title":{"rendered":"Primer Congreso Puertorrique\u00f1o de Blogs Educativos"},"content":{"rendered":"<p><a href=\"http:\/\/www.vidadigital.net\/blog\/2006\/11\/27\/se-acerca-edublogs-2007\/\">El blogfesor n\u00ba 1 de la blogosfera hispana nos informa <\/a>que continuan trabajando en la planificaci\u00f3n del Primer Congreso Puertorrique\u00f1o de Blogs Educativos que se llevar\u00e1 a cabo en el Anfiteatro de Enfermer\u00eda del RUM,  los d\u00edas 8 y 9 de febrero .  Se invita a los interesados a someter trabajos sobre temas relacionados a los blogs educativos. Los mismos deben enviarse a ideal@uprm.edu bajo la atenci\u00f3n de Mario N\u00fa\u00f1ez Molina. Los art\u00edculos deben ser recibidos no m\u00e1s tarde del 15 de diciembre de 2006. El Comit\u00e9 se comunicar\u00e1 con los ponentes para el 3 de enero de 2007. Los art\u00edculos aceptados se publicar\u00e1n en las Actas del Congreso. <a href=\"http:\/\/www.uprm.info\/edublogs2007\/\">Ampliar informaci\u00f3n en la web oficial.<\/a><br \/>\nOjal\u00e1 pudiera asistir y conocer personalmente a Mario, alg\u00fan d\u00eda ser\u00e1&#8230;<\/p>\n","protected":false},"excerpt":{"rendered":"<p>El blogfesor n\u00ba 1 de la blogosfera hispana nos informa que continuan trabajando en la planificaci\u00f3n del Primer Congreso Puertorrique\u00f1o de Blogs Educativos que se llevar\u00e1 a cabo en el Anfiteatro de Enfermer\u00eda del RUM, los d\u00edas 8 y 9 de febrero . Se invita a los interesados a someter trabajos sobre temas relacionados a [&hellip;]<\/p>\n","protected":false},"author":1,"featured_media":0,"comment_status":"open","ping_status":"open","sticky":false,"template":"","format":"standard","meta":{"footnotes":""},"categories":[2],"tags":[],"class_list":["post-1115","post","type-post","status-publish","format-standard","hentry","category-weblogs_en_el_aula"],"_links":{"self":[{"href":"http:\/\/aula21.net\/aulablog21\/wp-json\/wp\/v2\/posts\/1115","targetHints":{"allow":["GET"]}}],"collection":[{"href":"http:\/\/aula21.net\/aulablog21\/wp-json\/wp\/v2\/posts"}],"about":[{"href":"http:\/\/aula21.net\/aulablog21\/wp-json\/wp\/v2\/types\/post"}],"author":[{"embeddable":true,"href":"http:\/\/aula21.net\/aulablog21\/wp-json\/wp\/v2\/users\/1"}],"replies":[{"embeddable":true,"href":"http:\/\/aula21.net\/aulablog21\/wp-json\/wp\/v2\/comments?post=1115"}],"version-history":[{"count":0,"href":"http:\/\/aula21.net\/aulablog21\/wp-json\/wp\/v2\/posts\/1115\/revisions"}],"wp:attachment":[{"href":"http:\/\/aula21.net\/aulablog21\/wp-json\/wp\/v2\/media?parent=1115"}],"wp:term":[{"taxonomy":"category","embeddable":true,"href":"http:\/\/aula21.net\/aulablog21\/wp-json\/wp\/v2\/categories?post=1115"},{"taxonomy":"post_tag","embeddable":true,"href":"http:\/\/aula21.net\/aulablog21\/wp-json\/wp\/v2\/tags?post=1115"}],"curies":[{"name":"wp","href":"https:\/\/api.w.org\/{rel}","templated":true}]}}