{"id":112,"date":"2004-12-01T21:37:24","date_gmt":"2004-12-01T20:37:24","guid":{"rendered":"http:\/\/127.0.0.1\/wordpress2\/index.php\/archives\/2004\/12\/01\/entrevista-para-el-grupo-prisa\/"},"modified":"2004-12-18T22:09:00","modified_gmt":"2004-12-18T21:09:00","slug":"entrevista-para-el-grupo-prisa","status":"publish","type":"post","link":"http:\/\/aula21.net\/aulablog21\/archives\/2004\/12\/01\/entrevista-para-el-grupo-prisa\/","title":{"rendered":"Entrevista para el grupo Prisa"},"content":{"rendered":"<p>Esta ma\u00f1ana sobre las once recib\u00ed una llamada tel\u00e9fonica de Madrid, se trataba de una periodista &quot;freelance&quot; que trabaja para el grupo Prisa llamada Isabel Garc\u00eda Benito que quer\u00eda concertar una entrevista conmigo para un trabajo que est\u00e1 haciendo acerca de la utilizacion de las <span class=\"caps\">TIC<\/span> en Extremadura.<br \/>Qued\u00e9 con ella a las 19,30 en la cafeter\u00eda de un hotel de Almendralejo y hemos estado charlando hasta las 21.00<br \/>Ella me dijo para que pudiera identificarla yo soy rubia y grandota a lo que respond\u00ed\u00a0 yo chiquitito y de 42 a\u00f1os.<br \/>La periodista en cuesti\u00f3n es encantadora y ha sido un placer hablar con ella durante hora y media acerca de como se ha implantado el uso de las <span class=\"caps\">TIC<\/span> en nuestra regi\u00f3n, he sido cr\u00edtico a la vez que constructivo exponi\u00e9ndole mis ideas al respecto.<br \/>Se ha interesado mucho por <a href=\"www.aula21.net\">aula21.net<\/a> y dice que mi web le da tema para otro reportaje.<br \/>Estar\u00e1 varios dias en nuestra regi\u00f3n donde tiene concertadas diversas entrevistas entre ellas una con el Consejero de Educaci\u00f3n y otra con responsables del Partido Popular as\u00ed como la visita a tres I.E.S.<br \/>Cuando se publique el reportaje os mantendr\u00e9 informados.<br \/>Los \u00faltimos quince minutos hemos estado hablando del mundo de los weblogs y le he animado a que se cree uno \ud83d\ude42 prest\u00e1ndole mi ayuda.<\/p>\n<p>Hemos quedado en volvernos a ver dentro de quince dias. <\/p>\n","protected":false},"excerpt":{"rendered":"<p>Esta ma\u00f1ana sobre las once recib\u00ed una llamada tel\u00e9fonica de Madrid, se trataba de una periodista &quot;freelance&quot; que trabaja para el grupo Prisa llamada Isabel Garc\u00eda Benito que quer\u00eda concertar una entrevista conmigo para un trabajo que est\u00e1 haciendo acerca de la utilizacion de las TIC en Extremadura.Qued\u00e9 con ella a las 19,30 en la [&hellip;]<\/p>\n","protected":false},"author":1,"featured_media":0,"comment_status":"open","ping_status":"open","sticky":false,"template":"","format":"standard","meta":{"footnotes":""},"categories":[7],"tags":[],"class_list":["post-112","post","type-post","status-publish","format-standard","hentry","category-personal"],"_links":{"self":[{"href":"http:\/\/aula21.net\/aulablog21\/wp-json\/wp\/v2\/posts\/112","targetHints":{"allow":["GET"]}}],"collection":[{"href":"http:\/\/aula21.net\/aulablog21\/wp-json\/wp\/v2\/posts"}],"about":[{"href":"http:\/\/aula21.net\/aulablog21\/wp-json\/wp\/v2\/types\/post"}],"author":[{"embeddable":true,"href":"http:\/\/aula21.net\/aulablog21\/wp-json\/wp\/v2\/users\/1"}],"replies":[{"embeddable":true,"href":"http:\/\/aula21.net\/aulablog21\/wp-json\/wp\/v2\/comments?post=112"}],"version-history":[{"count":0,"href":"http:\/\/aula21.net\/aulablog21\/wp-json\/wp\/v2\/posts\/112\/revisions"}],"wp:attachment":[{"href":"http:\/\/aula21.net\/aulablog21\/wp-json\/wp\/v2\/media?parent=112"}],"wp:term":[{"taxonomy":"category","embeddable":true,"href":"http:\/\/aula21.net\/aulablog21\/wp-json\/wp\/v2\/categories?post=112"},{"taxonomy":"post_tag","embeddable":true,"href":"http:\/\/aula21.net\/aulablog21\/wp-json\/wp\/v2\/tags?post=112"}],"curies":[{"name":"wp","href":"https:\/\/api.w.org\/{rel}","templated":true}]}}