{"id":1122,"date":"2006-12-01T12:56:13","date_gmt":"2006-12-01T11:56:13","guid":{"rendered":"http:\/\/www.aula21.net\/aulablog21\/archives\/2006\/12\/01\/miedo-a-las-matematicas\/"},"modified":"2006-12-01T12:57:25","modified_gmt":"2006-12-01T11:57:25","slug":"miedo-a-las-matematicas","status":"publish","type":"post","link":"http:\/\/aula21.net\/aulablog21\/archives\/2006\/12\/01\/miedo-a-las-matematicas\/","title":{"rendered":"Miedo a las Matem\u00e1ticas"},"content":{"rendered":"<p><a href=\"http:\/\/www.consumer.es\/web\/es\/educacion\/primaria_y_secundaria\/2006\/11\/27\/157603.php\">Extenso reportaje en Consumer Eroski titulado \u00abMiedo a las Matem\u00e1ticas\u00bb<\/a><\/p>\n<blockquote><p>Los m\u00e9todos de ense\u00f1anza, la desmotivaci\u00f3n y la falta de formaci\u00f3n del profesorado son las principales causas de un rechazo generalizado hacia las matem\u00e1ticas <\/p>\n<p>Espa\u00f1a es la d\u00e9cima potencia mundial en matem\u00e1ticas, cuenta con importantes investigadores y su producci\u00f3n en este campo supone cerca del 5% de todos los art\u00edculos que se publican en revistas cient\u00edficas. Sin embargo, el \u00faltimo informe PISA, que eval\u00faa las competencias en lectura, matem\u00e1ticas y ciencias en los pa\u00edses de la OCDE, destaca el desinter\u00e9s y la baja autoestima de los estudiantes espa\u00f1oles por esta materia. Entre las principales razones se halla la manera de ense\u00f1ar esta asignatura por parte de los profesores, que tambi\u00e9n en algunos casos no son capaces de motivar al alumno para su aprendizaje o que no cuentan con la formaci\u00f3n suficiente. Por su parte, los padres deben ayudar a crear un clima favorable al estudio y animar a sus hijos e hijas a relacionar las matem\u00e1ticas con actividades de la vida diaria, como ir de compras o ahorrar para comprar su juguete preferido.<\/p><\/blockquote>\n<p><strong>Se analizan los aspectos:<\/strong><br \/>\n-Donde reside el problema<br \/>\n-Formaci\u00f3n del profesorado<br \/>\n-Motivaci\u00f3n een el aula<\/p>\n","protected":false},"excerpt":{"rendered":"<p>Extenso reportaje en Consumer Eroski titulado \u00abMiedo a las Matem\u00e1ticas\u00bb Los m\u00e9todos de ense\u00f1anza, la desmotivaci\u00f3n y la falta de formaci\u00f3n del profesorado son las principales causas de un rechazo generalizado hacia las matem\u00e1ticas Espa\u00f1a es la d\u00e9cima potencia mundial en matem\u00e1ticas, cuenta con importantes investigadores y su producci\u00f3n en este campo supone cerca del [&hellip;]<\/p>\n","protected":false},"author":1,"featured_media":0,"comment_status":"open","ping_status":"open","sticky":false,"template":"","format":"standard","meta":{"footnotes":""},"categories":[17,19],"tags":[],"class_list":["post-1122","post","type-post","status-publish","format-standard","hentry","category-articulos","category-educacion"],"_links":{"self":[{"href":"http:\/\/aula21.net\/aulablog21\/wp-json\/wp\/v2\/posts\/1122","targetHints":{"allow":["GET"]}}],"collection":[{"href":"http:\/\/aula21.net\/aulablog21\/wp-json\/wp\/v2\/posts"}],"about":[{"href":"http:\/\/aula21.net\/aulablog21\/wp-json\/wp\/v2\/types\/post"}],"author":[{"embeddable":true,"href":"http:\/\/aula21.net\/aulablog21\/wp-json\/wp\/v2\/users\/1"}],"replies":[{"embeddable":true,"href":"http:\/\/aula21.net\/aulablog21\/wp-json\/wp\/v2\/comments?post=1122"}],"version-history":[{"count":0,"href":"http:\/\/aula21.net\/aulablog21\/wp-json\/wp\/v2\/posts\/1122\/revisions"}],"wp:attachment":[{"href":"http:\/\/aula21.net\/aulablog21\/wp-json\/wp\/v2\/media?parent=1122"}],"wp:term":[{"taxonomy":"category","embeddable":true,"href":"http:\/\/aula21.net\/aulablog21\/wp-json\/wp\/v2\/categories?post=1122"},{"taxonomy":"post_tag","embeddable":true,"href":"http:\/\/aula21.net\/aulablog21\/wp-json\/wp\/v2\/tags?post=1122"}],"curies":[{"name":"wp","href":"https:\/\/api.w.org\/{rel}","templated":true}]}}