{"id":1129,"date":"2006-12-05T19:31:15","date_gmt":"2006-12-05T18:31:15","guid":{"rendered":"http:\/\/www.aula21.net\/aulablog21\/archives\/2006\/12\/05\/el-problema-educativo\/"},"modified":"2006-12-06T13:24:48","modified_gmt":"2006-12-06T12:24:48","slug":"el-problema-educativo","status":"publish","type":"post","link":"http:\/\/aula21.net\/aulablog21\/archives\/2006\/12\/05\/el-problema-educativo\/","title":{"rendered":"El problema educativo es otro Sr. Ibarra"},"content":{"rendered":"<p>El problema educativo es el t\u00edtulo de <a href=\"http:\/\/www.hoy.es\/prensa\/20061202\/cartas_opinion\/problema-educativo_20061202.html\">la carta que Ju\u00e1n Ignacio Cancho Ma\u00f1a <\/a>publica en el diario HOY.<br \/>\nMi padre fue profesor particular de muchos miembros de la familia Cancho a la que profeso un gran respeto y admiraci\u00f3n.<\/p>\n<blockquote><p>Estimado se\u00f1or Rodr\u00edguez Ibarra: Dentro de unos meses usted pasar\u00e1 a engrosar la lista de los mejores jubilados de Espa\u00f1a, se dedicar\u00e1 a dar clase, seg\u00fan dicen, en la Universidad y eso me parece estupendo, es m\u00e1s, hasta me gustar\u00eda ir alguna vez de oyente, ya que pueden ser muy amenas sus clases. Le conozco desde que usted pas\u00f3 por &#8216;la Aneja&#8217; y no le voy a hablar de lo que usted me merece como pol\u00edtico, de eso se encargaran otros, pero s\u00ed de padre a padre.<\/p>\n<p>Si usted, que tiene en sus manos el poder de mejorar la educaci\u00f3n en nuestra regi\u00f3n no quiere ver en qu\u00e9 situaci\u00f3n est\u00e1 desde que impusieron la fat\u00eddica LOGSE, le recomiendo que se disfrace de alumno de secundaria y recorra los colegios para conocer in situ su estado real. No haga caso de lo que le dicen los que tiene a su alrededor que s\u00e9 que lo cuidan sobremanera para darle los menores disgustos posibles, pero, por favor, pregunte al profesorado, pregunte a los alumnos. La falta de respeto, la falta de inter\u00e9s por los estudios, el \u00edndice tan elevado de fracaso escolar en nuestra regi\u00f3n. etc, deber\u00edan hacerle reflexionar; despu\u00e9s haga las manifestaciones que a usted le parezca.<\/p><\/blockquote>\n<p>Dentro de unos meses veremos que tal usa el Sr. Ibarra el Linex con sus alumnos, estamos ansiosos de ver como nos ilustra, seguro que ser\u00e1 un ejemplo de \u00abProfesor del sigo XXI\u00bb usando las Nuevas Tecnolog\u00edas \u00bfabrir\u00e1 p\u00e1gina web o dar\u00e1 clases magistrales de viva voz? pronto lo sabremos.<br \/>\n<a href=\"http:\/\/www.hoy.es\/prensa\/20061130\/sociedad\/badajoz-capital-mundial-estudio_20061130.html\">Seg\u00fan podemos leer en el diario HOY <\/a>el Sr Ibarra en la inauguraci\u00f3n del &#8216;II Congreso Internacional de la Alfabetizaci\u00f3n Tecnol\u00f3gica\u00bb que ha tenido lugar en Badajoz afirm\u00f3:<\/p>\n<blockquote><p>La intervenci\u00f3n de Juan Carlos Rodr\u00edguez Ibarra se fundament\u00f3 en la diferenciaci\u00f3n que \u00e9l mismo realiza entre \u00abnativos e inmigrantes\u00bb en lo que respecta a las Nuevas Tecnolog\u00edas; es decir, aquellos que ya viven en el mundo digital y aquellos otros que emigran de una cultura anal\u00f3gica a una cultura \u00abya no de futuro, sino de presente\u00bb. Se trata, explicaba el Presidente, \u00abde superar las desigualdades\u00bb entrando en \u00ablo digital\u00bb. <\/p><\/blockquote>\n<p>Co\u00f1o y yo que pensaba que eso lo hab\u00eda dicho <a href=\"http:\/\/www.marcprensky.com\/\">un tal Marc Prensky<\/a><br \/>\n<a href=\"http:\/\/www.marcprensky.com\/writing\/Prensky-The_Emerging_Online_Life_of_the_Digital_Native-03.pdf\">\u201cThe Emerging Online Life of the Digital Native: What they do differently because of technology, and how they do it\u201d. By Marc Prensky. (pdf)<\/a><\/p>\n<p><a href=\"http:\/\/www.marcprensky.com\/writing\/Prensky%20-%20Digital%20Natives,%20Digital%20Immigrants%20-%20Part1.pdf\">\u201cDigital Natives, Digital Immigrants\u201d. By Marc Prensky. (pdf)<\/a><\/p>\n<p>Veamos el video de su intervenci\u00f3n sobre los nativos:<\/p>\n<p><object width=\"425\" height=\"350\"><param name=\"movie\" value=\"http:\/\/www.youtube.com\/v\/L1gteIrFZ4I\"><\/param><param name=\"wmode\" value=\"transparent\"><\/param><embed src=\"http:\/\/www.youtube.com\/v\/L1gteIrFZ4I\" type=\"application\/x-shockwave-flash\" wmode=\"transparent\" width=\"425\" height=\"350\"><\/embed><\/object><\/p>\n<p>Lo importante es que los ni\u00f1os sepan Java dice entre otras lindezas&#8230;.<\/p>\n<p><a href=\"http:\/\/blaugh.com\/2006\/12\/05\/babys-first-language\" rel=\"bookmark\"><img loading=\"lazy\" decoding=\"async\" class=\"comic\" title=\"Baby's First Language\" alt=\"Baby's First Language\" src=\"http:\/\/blaugh.com\/cartoons\/061204_big_daddy_java.gif\" width=\"447\" height=\"250\"\/><\/a><\/p>\n<p><object width=\"425\" height=\"350\"><param name=\"movie\" value=\"http:\/\/www.youtube.com\/v\/iHV-tAUzcJM\"><\/param><param name=\"wmode\" value=\"transparent\"><\/param><embed src=\"http:\/\/www.youtube.com\/v\/iHV-tAUzcJM\" type=\"application\/x-shockwave-flash\" wmode=\"transparent\" width=\"425\" height=\"350\"><\/embed><\/object><\/p>\n","protected":false},"excerpt":{"rendered":"<p>El problema educativo es el t\u00edtulo de la carta que Ju\u00e1n Ignacio Cancho Ma\u00f1a publica en el diario HOY. Mi padre fue profesor particular de muchos miembros de la familia Cancho a la que profeso un gran respeto y admiraci\u00f3n. Estimado se\u00f1or Rodr\u00edguez Ibarra: Dentro de unos meses usted pasar\u00e1 a engrosar la lista de [&hellip;]<\/p>\n","protected":false},"author":1,"featured_media":0,"comment_status":"open","ping_status":"open","sticky":false,"template":"","format":"standard","meta":{"footnotes":""},"categories":[17,19,1,18],"tags":[],"class_list":["post-1129","post","type-post","status-publish","format-standard","hentry","category-articulos","category-educacion","category-miscelanea","category-tic"],"_links":{"self":[{"href":"http:\/\/aula21.net\/aulablog21\/wp-json\/wp\/v2\/posts\/1129","targetHints":{"allow":["GET"]}}],"collection":[{"href":"http:\/\/aula21.net\/aulablog21\/wp-json\/wp\/v2\/posts"}],"about":[{"href":"http:\/\/aula21.net\/aulablog21\/wp-json\/wp\/v2\/types\/post"}],"author":[{"embeddable":true,"href":"http:\/\/aula21.net\/aulablog21\/wp-json\/wp\/v2\/users\/1"}],"replies":[{"embeddable":true,"href":"http:\/\/aula21.net\/aulablog21\/wp-json\/wp\/v2\/comments?post=1129"}],"version-history":[{"count":0,"href":"http:\/\/aula21.net\/aulablog21\/wp-json\/wp\/v2\/posts\/1129\/revisions"}],"wp:attachment":[{"href":"http:\/\/aula21.net\/aulablog21\/wp-json\/wp\/v2\/media?parent=1129"}],"wp:term":[{"taxonomy":"category","embeddable":true,"href":"http:\/\/aula21.net\/aulablog21\/wp-json\/wp\/v2\/categories?post=1129"},{"taxonomy":"post_tag","embeddable":true,"href":"http:\/\/aula21.net\/aulablog21\/wp-json\/wp\/v2\/tags?post=1129"}],"curies":[{"name":"wp","href":"https:\/\/api.w.org\/{rel}","templated":true}]}}