{"id":1133,"date":"2006-12-04T16:40:43","date_gmt":"2006-12-04T15:40:43","guid":{"rendered":"http:\/\/www.aula21.net\/aulablog21\/archives\/2006\/12\/04\/ddemoledor-articulo-de-reverte\/"},"modified":"2006-12-04T17:27:22","modified_gmt":"2006-12-04T16:27:22","slug":"ddemoledor-articulo-de-reverte","status":"publish","type":"post","link":"http:\/\/aula21.net\/aulablog21\/archives\/2006\/12\/04\/ddemoledor-articulo-de-reverte\/","title":{"rendered":"Demoledor art\u00edculo de Reverte"},"content":{"rendered":"<p>Ayer en XL Semanal apareci\u00f3 publicado un demoledor art\u00edculo de Arturo P\u00e9rez Reverte titulado<a href=\"http:\/\/www.xlsemanal.com\/web\/firma.php?id_edicion=1587&#038;id_firma=3411\"> \u00abLos nuevos amos de Espa\u00f1a\u00bb.<\/a><\/p>\n<p>Me quedo con este p\u00e1rrafo:<\/p>\n<blockquote><p>En Espa\u00f1a, la de pol\u00edtico debe de ser una de las escasas profesiones para la que no hace falta tener el bachillerato.<br \/>\nTras la a\u00f1ada de pol\u00edticos admirables que tanta esperanza nos dieron, ha tomado el relevo esta generaci\u00f3n de trileros profesionales que no vivieron el franquismo, la clandestinidad ni la Transici\u00f3n, mediocres funcionarios de partido que tampoco han trabajado en su vida, ni tienen intenci\u00f3n de hacerlo. Gente sin el menor v\u00ednculo con el mundo real que hay m\u00e1s all\u00e1 de las siglas que los cobijan, autistas profesionales que s\u00f3lo frecuentan a compadres y c\u00f3mplices, nutri\u00e9ndose de ellos y entre ellos. Salvo algunas escasas y dign\u00edsimas excepciones, la democracia espa\u00f1ola est\u00e1 infestada de una gentuza que en otros pa\u00edses o circunstancias jam\u00e1s habr\u00eda puesto sus sucias manos en el manejo de presupuestos o en la redacci\u00f3n de un estatuto.<\/p><\/blockquote>\n<p>Los hay que aplauden cosas como estas:<\/p>\n<p>&#8211;<a href=\"http:\/\/www.20minutos.es\/noticia\/177875\/50\/colegio\/zaragoza\/navidad\/\">Un colegio p\u00fablico aragon\u00e9s suprime el festival de Navidad<\/a><\/p>\n<p>\u00abSi es un colegio, me sorprende la decisi\u00f3n, tengo que confesarlo\u00bb dijo ZP al ser preguntado. Al menos reconoce que se confiesa.<br \/>\nLos profesores que estaban de acuerdo con la medida deber\u00edan renunciar a la paga extra de Navidad y no celebrar el d\u00eda del Pilar.<br \/>\n&#8211; <a href=\"http:\/\/www.abc.es\/20061130\/sociedad-educacion\/barcelona-quiere-quitar-nombre_200611300249.html\">Barcelona quiere quitar el nombre de Juan XXIII de un colegio<\/a><br \/>\nParece ser que los ni\u00f1os ya no merendar\u00e1n Nocilla en su lugar tomar\u00e1n \u00abMontilla\u00bb en la hora de Educaci\u00f3n para la Ciudadan\u00eda.<\/p>\n","protected":false},"excerpt":{"rendered":"<p>Ayer en XL Semanal apareci\u00f3 publicado un demoledor art\u00edculo de Arturo P\u00e9rez Reverte titulado \u00abLos nuevos amos de Espa\u00f1a\u00bb. Me quedo con este p\u00e1rrafo: En Espa\u00f1a, la de pol\u00edtico debe de ser una de las escasas profesiones para la que no hace falta tener el bachillerato. Tras la a\u00f1ada de pol\u00edticos admirables que tanta esperanza [&hellip;]<\/p>\n","protected":false},"author":1,"featured_media":0,"comment_status":"open","ping_status":"open","sticky":false,"template":"","format":"standard","meta":{"footnotes":""},"categories":[1],"tags":[],"class_list":["post-1133","post","type-post","status-publish","format-standard","hentry","category-miscelanea"],"_links":{"self":[{"href":"http:\/\/aula21.net\/aulablog21\/wp-json\/wp\/v2\/posts\/1133","targetHints":{"allow":["GET"]}}],"collection":[{"href":"http:\/\/aula21.net\/aulablog21\/wp-json\/wp\/v2\/posts"}],"about":[{"href":"http:\/\/aula21.net\/aulablog21\/wp-json\/wp\/v2\/types\/post"}],"author":[{"embeddable":true,"href":"http:\/\/aula21.net\/aulablog21\/wp-json\/wp\/v2\/users\/1"}],"replies":[{"embeddable":true,"href":"http:\/\/aula21.net\/aulablog21\/wp-json\/wp\/v2\/comments?post=1133"}],"version-history":[{"count":0,"href":"http:\/\/aula21.net\/aulablog21\/wp-json\/wp\/v2\/posts\/1133\/revisions"}],"wp:attachment":[{"href":"http:\/\/aula21.net\/aulablog21\/wp-json\/wp\/v2\/media?parent=1133"}],"wp:term":[{"taxonomy":"category","embeddable":true,"href":"http:\/\/aula21.net\/aulablog21\/wp-json\/wp\/v2\/categories?post=1133"},{"taxonomy":"post_tag","embeddable":true,"href":"http:\/\/aula21.net\/aulablog21\/wp-json\/wp\/v2\/tags?post=1133"}],"curies":[{"name":"wp","href":"https:\/\/api.w.org\/{rel}","templated":true}]}}