{"id":114,"date":"2004-12-04T10:54:50","date_gmt":"2004-12-04T09:54:50","guid":{"rendered":"http:\/\/127.0.0.1\/wordpress2\/index.php\/archives\/2004\/12\/04\/y-que-cumplas-muchos-mas\/"},"modified":"2005-01-22T22:48:39","modified_gmt":"2005-01-22T21:48:39","slug":"y-que-cumplas-muchos-mas","status":"publish","type":"post","link":"http:\/\/aula21.net\/aulablog21\/archives\/2004\/12\/04\/y-que-cumplas-muchos-mas\/","title":{"rendered":"y que cumplas muchos m\u00e1s&#8230;"},"content":{"rendered":"<p><img decoding=\"async\" src=\"\/aulablog21\/subidas\/cumple9.jpg\" border=\"1\" \/> <\/p>\n<p>Hoy cumple mi hija 9 a\u00f1os pero lo celebr\u00f3 con sus amigos el pasado Martes.<br \/>Ella lo representa todo para mi imagino que lo mismo os ocurre a todos los que sois padres pero no est\u00e1 de mas decirlo.<br \/>Me encantar\u00eda que se parara el tiempo pero inevitablemente crecer\u00e1 y se me acabar\u00e1n los paseos juntos por el parque, ver su emocionada cara mientras ve una peli de Harry Potter, leer juntos un cuento de la media lunita antes de acostarse, sus ingenuas preguntas y muchas otras cosas propias de la infancia.<br \/>Bueno pero creo me quedan a\u00fan algunos a\u00f1os para que deje de ser una ni\u00f1a y mientras a disfrutar de tantas maravillosas cosas. Espero que no se cabree cuando vea la foto con lo presumida que es&#8230; <\/p>\n","protected":false},"excerpt":{"rendered":"<p>Hoy cumple mi hija 9 a\u00f1os pero lo celebr\u00f3 con sus amigos el pasado Martes.Ella lo representa todo para mi imagino que lo mismo os ocurre a todos los que sois padres pero no est\u00e1 de mas decirlo.Me encantar\u00eda que se parara el tiempo pero inevitablemente crecer\u00e1 y se me acabar\u00e1n los paseos juntos por [&hellip;]<\/p>\n","protected":false},"author":1,"featured_media":0,"comment_status":"open","ping_status":"open","sticky":false,"template":"","format":"standard","meta":{"footnotes":""},"categories":[7],"tags":[],"class_list":["post-114","post","type-post","status-publish","format-standard","hentry","category-personal"],"_links":{"self":[{"href":"http:\/\/aula21.net\/aulablog21\/wp-json\/wp\/v2\/posts\/114","targetHints":{"allow":["GET"]}}],"collection":[{"href":"http:\/\/aula21.net\/aulablog21\/wp-json\/wp\/v2\/posts"}],"about":[{"href":"http:\/\/aula21.net\/aulablog21\/wp-json\/wp\/v2\/types\/post"}],"author":[{"embeddable":true,"href":"http:\/\/aula21.net\/aulablog21\/wp-json\/wp\/v2\/users\/1"}],"replies":[{"embeddable":true,"href":"http:\/\/aula21.net\/aulablog21\/wp-json\/wp\/v2\/comments?post=114"}],"version-history":[{"count":0,"href":"http:\/\/aula21.net\/aulablog21\/wp-json\/wp\/v2\/posts\/114\/revisions"}],"wp:attachment":[{"href":"http:\/\/aula21.net\/aulablog21\/wp-json\/wp\/v2\/media?parent=114"}],"wp:term":[{"taxonomy":"category","embeddable":true,"href":"http:\/\/aula21.net\/aulablog21\/wp-json\/wp\/v2\/categories?post=114"},{"taxonomy":"post_tag","embeddable":true,"href":"http:\/\/aula21.net\/aulablog21\/wp-json\/wp\/v2\/tags?post=114"}],"curies":[{"name":"wp","href":"https:\/\/api.w.org\/{rel}","templated":true}]}}