{"id":1185,"date":"2007-01-09T17:29:11","date_gmt":"2007-01-09T16:29:11","guid":{"rendered":"http:\/\/www.aula21.net\/aulablog21\/archives\/2007\/01\/09\/maria-amelia-blogera-de-95-anos\/"},"modified":"2007-01-09T17:29:11","modified_gmt":"2007-01-09T16:29:11","slug":"maria-amelia-blogera-de-95-anos","status":"publish","type":"post","link":"http:\/\/aula21.net\/aulablog21\/archives\/2007\/01\/09\/maria-amelia-blogera-de-95-anos\/","title":{"rendered":"Mar\u00eda Amelia blogera de 95 a\u00f1os"},"content":{"rendered":"<p>En el programa de TVE Espa\u00f1a Directo sali\u00f3 un reportaje dedicado a Mar\u00eda Amalia, la blogera m\u00e1s veterana de Espa\u00f1a, vive en Mixia (La Coru\u00f1a).<br \/>\nSu nieto le regal\u00f3 un blog por su cumplea\u00f1os.<br \/>\n<object width=\"425\" height=\"350\"><param name=\"movie\" value=\"http:\/\/www.youtube.com\/v\/PD4qW-riOV8\"><\/param><param name=\"wmode\" value=\"transparent\"><\/param><embed src=\"http:\/\/www.youtube.com\/v\/PD4qW-riOV8\" type=\"application\/x-shockwave-flash\" wmode=\"transparent\" width=\"425\" height=\"350\"><\/embed><\/object><\/p>\n<p><a href=\"http:\/\/amis95.blogspot.com\/\">Voy a visitar el blog de Amelia<\/a>.<\/p>\n","protected":false},"excerpt":{"rendered":"<p>En el programa de TVE Espa\u00f1a Directo sali\u00f3 un reportaje dedicado a Mar\u00eda Amalia, la blogera m\u00e1s veterana de Espa\u00f1a, vive en Mixia (La Coru\u00f1a). Su nieto le regal\u00f3 un blog por su cumplea\u00f1os. Voy a visitar el blog de Amelia.<\/p>\n","protected":false},"author":1,"featured_media":0,"comment_status":"open","ping_status":"open","sticky":false,"template":"","format":"standard","meta":{"footnotes":""},"categories":[1,3],"tags":[],"class_list":["post-1185","post","type-post","status-publish","format-standard","hentry","category-miscelanea","category-weblogs_herramientas_trucos_etc"],"_links":{"self":[{"href":"http:\/\/aula21.net\/aulablog21\/wp-json\/wp\/v2\/posts\/1185","targetHints":{"allow":["GET"]}}],"collection":[{"href":"http:\/\/aula21.net\/aulablog21\/wp-json\/wp\/v2\/posts"}],"about":[{"href":"http:\/\/aula21.net\/aulablog21\/wp-json\/wp\/v2\/types\/post"}],"author":[{"embeddable":true,"href":"http:\/\/aula21.net\/aulablog21\/wp-json\/wp\/v2\/users\/1"}],"replies":[{"embeddable":true,"href":"http:\/\/aula21.net\/aulablog21\/wp-json\/wp\/v2\/comments?post=1185"}],"version-history":[{"count":0,"href":"http:\/\/aula21.net\/aulablog21\/wp-json\/wp\/v2\/posts\/1185\/revisions"}],"wp:attachment":[{"href":"http:\/\/aula21.net\/aulablog21\/wp-json\/wp\/v2\/media?parent=1185"}],"wp:term":[{"taxonomy":"category","embeddable":true,"href":"http:\/\/aula21.net\/aulablog21\/wp-json\/wp\/v2\/categories?post=1185"},{"taxonomy":"post_tag","embeddable":true,"href":"http:\/\/aula21.net\/aulablog21\/wp-json\/wp\/v2\/tags?post=1185"}],"curies":[{"name":"wp","href":"https:\/\/api.w.org\/{rel}","templated":true}]}}