{"id":1192,"date":"2007-01-13T12:28:33","date_gmt":"2007-01-13T11:28:33","guid":{"rendered":"http:\/\/www.aula21.net\/aulablog21\/archives\/2007\/01\/13\/la-nueva-generacion-de-veinteaneros-peor-preparada-que-la-anterior\/"},"modified":"2007-01-13T12:28:33","modified_gmt":"2007-01-13T11:28:33","slug":"la-nueva-generacion-de-veinteaneros-peor-preparada-que-la-anterior","status":"publish","type":"post","link":"http:\/\/aula21.net\/aulablog21\/archives\/2007\/01\/13\/la-nueva-generacion-de-veinteaneros-peor-preparada-que-la-anterior\/","title":{"rendered":"La nueva generaci\u00f3n de veintea\u00f1eros, peor preparada que la anterior"},"content":{"rendered":"<p><a href=\"http:\/\/www.lavozdegalicia.es\/veinticuatro_horas\/noticia.jsp?TEXTO=100000115795&#038;CAT=39160\">Visto en La Voz de Galicia<\/a><\/p>\n<blockquote><p>Los j\u00f3venes de entre 20 y 24 a\u00f1os tienen menos nivel educativo que la poblaci\u00f3n entre 25 y 30, lo que supone que por primera vez en cien a\u00f1os una generaci\u00f3n est\u00e9 peor preparada que el grupo que la precede.<\/p>\n<p>Los datos, recogidos en el Sistema Estatal de Indicadores de la Educaci\u00f3n 2006, se han publicado en el \u00faltimo n\u00famero del peri\u00f3dico especializado Magisterio. Seg\u00fan esta fuente, un indicador como la tasa de graduados en Secundaria superior es menor entre los j\u00f3venes de 20 a 24 a\u00f1os, formados ya en la LOGSE, que entre la poblaci\u00f3n entre los 25 y los 34 a\u00f1os, formados en su mayor\u00eda dentro de la Ley General de Educaci\u00f3n de 1970.<\/p>\n<p>El pasado a\u00f1o se situ\u00f3 por debajo del nivel ya obtenidos en el a\u00f1o 1996, y ese descenso se observ\u00f3 en los indicadores de las tasas de idoneidad, de escolarizaci\u00f3n y de acceso a la universidad a trav\u00e9s de la Prueba de Acceso a la Universidad (selectividad).<\/p>\n<p>Seg\u00fan la misma publicaci\u00f3n, la ca\u00edda de esos indicadores se ha producido a pesar de que no han variado otros factores, como la inversi\u00f3n en Educaci\u00f3n o el n\u00famero de inmigrantes, ya que seg\u00fan datos del INE el porcentaje de inmigrantes entre el tramo 25-34 a\u00f1os es mayor que en el de 20-24.<\/p>\n<p>La proporci\u00f3n de j\u00f3venes entre 20 y 24 a\u00f1os con al menos el t\u00edtulo de Secundaria superior es uno de los indicadores m\u00e1s importantes de la Uni\u00f3n Europea en materia educativa, y fue incluido entre los Objetivos de Lisboa 2010 para la convergencia de los sistemas educativos, recuerda la misma publicaci\u00f3n.\n<\/p><\/blockquote>\n<p>Los efectos de la LOGSE de Rubalcaba y compa\u00f1\u00eda no hay ya quien los disimuele. Los mismos que nos han llevado a este fracaso vienen ahora de salvadores con una LOE que durar\u00e1 lo que dure este gobierno. <\/p>\n","protected":false},"excerpt":{"rendered":"<p>Visto en La Voz de Galicia Los j\u00f3venes de entre 20 y 24 a\u00f1os tienen menos nivel educativo que la poblaci\u00f3n entre 25 y 30, lo que supone que por primera vez en cien a\u00f1os una generaci\u00f3n est\u00e9 peor preparada que el grupo que la precede. Los datos, recogidos en el Sistema Estatal de Indicadores [&hellip;]<\/p>\n","protected":false},"author":1,"featured_media":0,"comment_status":"open","ping_status":"open","sticky":false,"template":"","format":"standard","meta":{"footnotes":""},"categories":[17,19,1],"tags":[],"class_list":["post-1192","post","type-post","status-publish","format-standard","hentry","category-articulos","category-educacion","category-miscelanea"],"_links":{"self":[{"href":"http:\/\/aula21.net\/aulablog21\/wp-json\/wp\/v2\/posts\/1192","targetHints":{"allow":["GET"]}}],"collection":[{"href":"http:\/\/aula21.net\/aulablog21\/wp-json\/wp\/v2\/posts"}],"about":[{"href":"http:\/\/aula21.net\/aulablog21\/wp-json\/wp\/v2\/types\/post"}],"author":[{"embeddable":true,"href":"http:\/\/aula21.net\/aulablog21\/wp-json\/wp\/v2\/users\/1"}],"replies":[{"embeddable":true,"href":"http:\/\/aula21.net\/aulablog21\/wp-json\/wp\/v2\/comments?post=1192"}],"version-history":[{"count":0,"href":"http:\/\/aula21.net\/aulablog21\/wp-json\/wp\/v2\/posts\/1192\/revisions"}],"wp:attachment":[{"href":"http:\/\/aula21.net\/aulablog21\/wp-json\/wp\/v2\/media?parent=1192"}],"wp:term":[{"taxonomy":"category","embeddable":true,"href":"http:\/\/aula21.net\/aulablog21\/wp-json\/wp\/v2\/categories?post=1192"},{"taxonomy":"post_tag","embeddable":true,"href":"http:\/\/aula21.net\/aulablog21\/wp-json\/wp\/v2\/tags?post=1192"}],"curies":[{"name":"wp","href":"https:\/\/api.w.org\/{rel}","templated":true}]}}