{"id":1195,"date":"2007-01-18T16:59:22","date_gmt":"2007-01-18T15:59:22","guid":{"rendered":"http:\/\/www.aula21.net\/aulablog21\/archives\/2007\/01\/18\/articulo-sobre-eduwikis-en-aula-de-el-mundo\/"},"modified":"2007-01-18T22:12:21","modified_gmt":"2007-01-18T21:12:21","slug":"articulo-sobre-eduwikis-en-aula-de-el-mundo","status":"publish","type":"post","link":"http:\/\/aula21.net\/aulablog21\/archives\/2007\/01\/18\/articulo-sobre-eduwikis-en-aula-de-el-mundo\/","title":{"rendered":"Art\u00edculo sobre Eduwikis en Aula de El Mundo"},"content":{"rendered":"<p><img decoding=\"async\" src=\"http:\/\/aula.elmundo.es\/aula\/2007\/01\/18\/imagen7.jpg\" alt=\"aulawiki21\" \/><br \/>\nGracias a <a href=\"http:\/\/ticreliblog.blogspot.com\/\">Pablo Rodriguez<\/a> me entero que ha aparecido en el suplemento \u00abAula\u00bb de El Mundo un art\u00edculo titulado <a href=\"http:\/\/aula.elmundo.es\/aula\/noticia.php\/2007\/01\/18\/aula1169062795.html\">\u00bfQu\u00e9 es un eduwiki?<\/a> cuya autora es <a href=\"http:\/\/www.laclaseabierta.net\/\">Isabel Leal <\/a>en el que se hace menci\u00f3n a mi trabajo en <a href=\"http:\/\/aulablog21.wikispaces.com\">Aulawiki21<\/a><br \/>\nTambi\u00e9n se menciona el <a href=\"http:\/\/wikitaller.wikispaces.com\">wikitaller de Jos\u00e9 Cuerva<\/a> y algunos m\u00e1s como:<\/p>\n<p>-[tag]Web Educativa 2.0[\/tag]: <a href=\"http:\/\/www.adelat.org\/wiki\">www.adelat.org\/wiki<\/a><\/p>\n<p>&#8211;<a href=\"https:\/\/www.ieschandomonte.edu.es\">IES Cha Do Ponte<\/a><\/p>\n<p>&#8211;<a href=\"http:\/\/jaimebalmes.wikispaces.com\">Colegio Jaime Balmes<\/a>, \u00a1 c\u00f3mo se nota que en all\u00ed trabaja <a href=\"http:\/\/domingomendez.blogspot.com\/\">Domingo M\u00e9ndez<\/a> !<\/p>\n<p>Todos ellos debidamente rese\u00f1ados <a href=\"http:\/\/aulablog21.wikispaces.com\/EduWikis\">en mi extensa [tag]wikiteca[\/tag]<\/a> (acabo de invertarme un nuevo palabro que suena bien).<\/p>\n<p>Aprovecho para felicitar a <a href=\"http:\/\/weblog.educ.ar\/educacion-tics\/archives\/008657.php\">la wikipedia en su sexto aniversario<\/a>.<br \/>\n\u00bfA qu\u00e9 esperas para crear <a href=\"http:\/\/www.wikispaces.com\">[tag]wikispaces[\/tag]<\/a> tu propio wiki ?<\/p>\n<p>Olvid\u00e9 en la primera redacci\u00f3n de este post que en el art\u00edculo tambi\u00e9n se cita un wiki de un fen\u00f3meno de la blogosfera educativa, el amigo <a href=\"http:\/\/fzayas.com\/darlealalengua\/\">Felipe Zayas<\/a>.<br \/>\n Se trata de <a href=\"http:\/\/relatos.schtuff.com,\">http:\/\/relatos.schtuff.com<\/a> en el que varios profesores de literatura de diferentes centros han reunido textos y relatos que usan en sus clases.<\/p>\n<p><!--adsense--><\/p>\n","protected":false},"excerpt":{"rendered":"<p>Gracias a Pablo Rodriguez me entero que ha aparecido en el suplemento \u00abAula\u00bb de El Mundo un art\u00edculo titulado \u00bfQu\u00e9 es un eduwiki? cuya autora es Isabel Leal en el que se hace menci\u00f3n a mi trabajo en Aulawiki21 Tambi\u00e9n se menciona el wikitaller de Jos\u00e9 Cuerva y algunos m\u00e1s como: -[tag]Web Educativa 2.0[\/tag]: www.adelat.org\/wiki [&hellip;]<\/p>\n","protected":false},"author":1,"featured_media":0,"comment_status":"open","ping_status":"open","sticky":false,"template":"","format":"standard","meta":{"footnotes":""},"categories":[7,16],"tags":[],"class_list":["post-1195","post","type-post","status-publish","format-standard","hentry","category-personal","category-wikis"],"_links":{"self":[{"href":"http:\/\/aula21.net\/aulablog21\/wp-json\/wp\/v2\/posts\/1195","targetHints":{"allow":["GET"]}}],"collection":[{"href":"http:\/\/aula21.net\/aulablog21\/wp-json\/wp\/v2\/posts"}],"about":[{"href":"http:\/\/aula21.net\/aulablog21\/wp-json\/wp\/v2\/types\/post"}],"author":[{"embeddable":true,"href":"http:\/\/aula21.net\/aulablog21\/wp-json\/wp\/v2\/users\/1"}],"replies":[{"embeddable":true,"href":"http:\/\/aula21.net\/aulablog21\/wp-json\/wp\/v2\/comments?post=1195"}],"version-history":[{"count":0,"href":"http:\/\/aula21.net\/aulablog21\/wp-json\/wp\/v2\/posts\/1195\/revisions"}],"wp:attachment":[{"href":"http:\/\/aula21.net\/aulablog21\/wp-json\/wp\/v2\/media?parent=1195"}],"wp:term":[{"taxonomy":"category","embeddable":true,"href":"http:\/\/aula21.net\/aulablog21\/wp-json\/wp\/v2\/categories?post=1195"},{"taxonomy":"post_tag","embeddable":true,"href":"http:\/\/aula21.net\/aulablog21\/wp-json\/wp\/v2\/tags?post=1195"}],"curies":[{"name":"wp","href":"https:\/\/api.w.org\/{rel}","templated":true}]}}