{"id":1211,"date":"2007-02-06T11:05:47","date_gmt":"2007-02-06T10:05:47","guid":{"rendered":"http:\/\/www.aula21.net\/aulablog21\/archives\/2007\/02\/06\/taller-de-blogs-en-el-ice-de-gerona\/"},"modified":"2007-02-06T11:10:16","modified_gmt":"2007-02-06T10:10:16","slug":"taller-de-blogs-en-el-ice-de-gerona","status":"publish","type":"post","link":"http:\/\/aula21.net\/aulablog21\/archives\/2007\/02\/06\/taller-de-blogs-en-el-ice-de-gerona\/","title":{"rendered":"Taller de blogs en el ICE de Gerona"},"content":{"rendered":"<p>Hace unos dias Lourdes Domenech nos hablaba en el art\u00edculo<a href=\"http:\/\/apiedeaula.blogspot.com\/2007\/01\/blogs-para-qu-os-quiero-ejemplos-de.html\"> \u00abBlogs \u00bfpara qu\u00e9 os quiero?. Ejemplos de usos educativos\u00bb<\/a> que estaba preparando el material para una sesi\u00f3n dedicada a los blogs en el <a href=\"http:\/\/web.udg.edu\/ice\/desc_curs.php?CID=209&#038;ante=sec\">Taller de iniciaci\u00f3n al uso de las TIC organizado por el ICE de Gerona.<\/a><br \/>\nPues bien el material ya est\u00e1 listo<a href=\"http:\/\/www.materialesdelengua.org\/recursos_tic\/enlaces_blogs.htm\"> para ser disfrutados por todos en esta p\u00e1gina<\/a> . Enhorabuena por vuestro trabajo.<\/p>\n","protected":false},"excerpt":{"rendered":"<p>Hace unos dias Lourdes Domenech nos hablaba en el art\u00edculo \u00abBlogs \u00bfpara qu\u00e9 os quiero?. Ejemplos de usos educativos\u00bb que estaba preparando el material para una sesi\u00f3n dedicada a los blogs en el Taller de iniciaci\u00f3n al uso de las TIC organizado por el ICE de Gerona. Pues bien el material ya est\u00e1 listo para [&hellip;]<\/p>\n","protected":false},"author":1,"featured_media":0,"comment_status":"open","ping_status":"open","sticky":false,"template":"","format":"standard","meta":{"footnotes":""},"categories":[3,2],"tags":[],"class_list":["post-1211","post","type-post","status-publish","format-standard","hentry","category-weblogs_herramientas_trucos_etc","category-weblogs_en_el_aula"],"_links":{"self":[{"href":"http:\/\/aula21.net\/aulablog21\/wp-json\/wp\/v2\/posts\/1211","targetHints":{"allow":["GET"]}}],"collection":[{"href":"http:\/\/aula21.net\/aulablog21\/wp-json\/wp\/v2\/posts"}],"about":[{"href":"http:\/\/aula21.net\/aulablog21\/wp-json\/wp\/v2\/types\/post"}],"author":[{"embeddable":true,"href":"http:\/\/aula21.net\/aulablog21\/wp-json\/wp\/v2\/users\/1"}],"replies":[{"embeddable":true,"href":"http:\/\/aula21.net\/aulablog21\/wp-json\/wp\/v2\/comments?post=1211"}],"version-history":[{"count":0,"href":"http:\/\/aula21.net\/aulablog21\/wp-json\/wp\/v2\/posts\/1211\/revisions"}],"wp:attachment":[{"href":"http:\/\/aula21.net\/aulablog21\/wp-json\/wp\/v2\/media?parent=1211"}],"wp:term":[{"taxonomy":"category","embeddable":true,"href":"http:\/\/aula21.net\/aulablog21\/wp-json\/wp\/v2\/categories?post=1211"},{"taxonomy":"post_tag","embeddable":true,"href":"http:\/\/aula21.net\/aulablog21\/wp-json\/wp\/v2\/tags?post=1211"}],"curies":[{"name":"wp","href":"https:\/\/api.w.org\/{rel}","templated":true}]}}