{"id":1216,"date":"2007-02-10T12:05:25","date_gmt":"2007-02-10T11:05:25","guid":{"rendered":"http:\/\/www.aula21.net\/aulablog21\/archives\/2007\/02\/10\/edublogs-2007-en-puerto-rico-un-congreso-con-alma\/"},"modified":"2007-02-10T12:24:39","modified_gmt":"2007-02-10T11:24:39","slug":"edublogs-2007-en-puerto-rico-un-congreso-con-alma","status":"publish","type":"post","link":"http:\/\/aula21.net\/aulablog21\/archives\/2007\/02\/10\/edublogs-2007-en-puerto-rico-un-congreso-con-alma\/","title":{"rendered":"Edublogs 2007 en Puerto Rico. Un congreso con alma"},"content":{"rendered":"<p>El primer [tag]Congreso[\/tag] de [tag]Edublogs [\/tag]de Puerto Rico se ha celebrado los d\u00edas 8 y 9 de Febrero,de todo lo acontecido podemos enterarnos <a href=\"http:\/\/www.uprm.info\/edublogs2007\/\">en el blog creado al efecto<\/a>.<br \/>\nMe encantar\u00eda poder haber visto la cara de felicidad que habr\u00e1 tenido estos d\u00edas mi admirado <a href=\"http:\/\/www.vidadigital.net\/blog\/\">[tag]blogfesor[\/tag] Mario N\u00fa\u00f1ez<\/a>. Su cara no la he visto pero si que he sentido la magia de su alma al leer su extraordinaria presentaci\u00f3n titulada <a href=\"http:\/\/www.uprm.edu\/ideal\/edublogs2007\/magia-poder.pdf\">En torno a la magia y el poder de los edublogs: Una introducci\u00f3n al Congreso<\/a>.<br \/>\nEl profesor Jos\u00e9 Mari Mutt de la  Universidad de Puerto Rico-Mayag\u00fcez present\u00f3 el trabajo <a href=\"http:\/\/www.uprm.edu\/ideal\/edublogs2007\/mari.pdf\">Sugerencias para redactar en un edublog<\/a>.<br \/>\nJulia Pacheco y Fredeswinda V\u00e9lez de la  Escuela Superior Luis Mu\u00f1oz Mar\u00edn, Yauco presentaron el trabajo <a href=\"http:\/\/www.uprm.edu\/ideal\/edublogs2007\/julia-fredes.pdf\">El uso de blogs en la sala de clase: Aplicaciones para la biolog\u00eda y la qu\u00edmica.<\/a><br \/>\nPara ver la  lista completa y explorar todo lo acontecido nada mejor que revisar el blog del Congreso de arriba a abajo.<br \/>\n<a href=\"http:\/\/www.vidadigital.net\/blog\/2007\/02\/09\/presentaciones-primer-da-congreso-edublogs\/\">Mario resume en este art\u00edculo <\/a>los trabajos de gran calidad que se presentaron el primer d\u00eda<br \/>\nMi m\u00e1s sincera felicitaci\u00f3n a Mario y resto de colaboradores\/participantes en este Congreso.<br \/>\nActualizaci\u00f3n:<br \/>\nPor fin he podido ver la cara de felicidad de Mario:<\/p>\n<table style=\"width:auto;\">\n<tr>\n<td><a href=\"http:\/\/picasaweb.google.com\/aula21\/Edublogs\/photo#5029863797062856674\"><img decoding=\"async\" src=\"http:\/\/lh6.google.com\/image\/aula21\/Rc2qeVyHb-I\/AAAAAAAAAAc\/4Kt7l2BmrMI\/s288\/mario2.JPG\"><\/a><\/td>\n<\/tr>\n<tr>\n<td style=\"font-family:arial,sans-serif; font-size:66%; text-align:right\">De <a href=\"http:\/\/picasaweb.google.com\/aula21\/Edublogs\">Edublogs<\/a><\/td>\n<\/tr>\n<\/table>\n<p><!--adsense--><\/p>\n","protected":false},"excerpt":{"rendered":"<p>El primer [tag]Congreso[\/tag] de [tag]Edublogs [\/tag]de Puerto Rico se ha celebrado los d\u00edas 8 y 9 de Febrero,de todo lo acontecido podemos enterarnos en el blog creado al efecto. Me encantar\u00eda poder haber visto la cara de felicidad que habr\u00e1 tenido estos d\u00edas mi admirado [tag]blogfesor[\/tag] Mario N\u00fa\u00f1ez. Su cara no la he visto pero [&hellip;]<\/p>\n","protected":false},"author":1,"featured_media":0,"comment_status":"open","ping_status":"open","sticky":false,"template":"","format":"standard","meta":{"footnotes":""},"categories":[2],"tags":[],"class_list":["post-1216","post","type-post","status-publish","format-standard","hentry","category-weblogs_en_el_aula"],"_links":{"self":[{"href":"http:\/\/aula21.net\/aulablog21\/wp-json\/wp\/v2\/posts\/1216","targetHints":{"allow":["GET"]}}],"collection":[{"href":"http:\/\/aula21.net\/aulablog21\/wp-json\/wp\/v2\/posts"}],"about":[{"href":"http:\/\/aula21.net\/aulablog21\/wp-json\/wp\/v2\/types\/post"}],"author":[{"embeddable":true,"href":"http:\/\/aula21.net\/aulablog21\/wp-json\/wp\/v2\/users\/1"}],"replies":[{"embeddable":true,"href":"http:\/\/aula21.net\/aulablog21\/wp-json\/wp\/v2\/comments?post=1216"}],"version-history":[{"count":0,"href":"http:\/\/aula21.net\/aulablog21\/wp-json\/wp\/v2\/posts\/1216\/revisions"}],"wp:attachment":[{"href":"http:\/\/aula21.net\/aulablog21\/wp-json\/wp\/v2\/media?parent=1216"}],"wp:term":[{"taxonomy":"category","embeddable":true,"href":"http:\/\/aula21.net\/aulablog21\/wp-json\/wp\/v2\/categories?post=1216"},{"taxonomy":"post_tag","embeddable":true,"href":"http:\/\/aula21.net\/aulablog21\/wp-json\/wp\/v2\/tags?post=1216"}],"curies":[{"name":"wp","href":"https:\/\/api.w.org\/{rel}","templated":true}]}}