{"id":1218,"date":"2007-02-11T13:17:03","date_gmt":"2007-02-11T12:17:03","guid":{"rendered":"http:\/\/www.aula21.net\/aulablog21\/archives\/2007\/02\/11\/ensen-arte-destacado-en-aula-del-mundo\/"},"modified":"2007-02-11T13:46:42","modified_gmt":"2007-02-11T12:46:42","slug":"ensen-arte-destacado-en-aula-del-mundo","status":"publish","type":"post","link":"http:\/\/aula21.net\/aulablog21\/archives\/2007\/02\/11\/ensen-arte-destacado-en-aula-del-mundo\/","title":{"rendered":"Ense\u00d1-Arte y arteolomos destacados en Aula del Mundo"},"content":{"rendered":"<p><a href=\"http:\/\/www.aprendersociales.blogspot.com\/\">El [tag]blog [\/tag]de Juan Diego Caballero Oliver<\/a>, catedr\u00e1tico de Geograf\u00eda e Historia en el IES \u201cN\u00e9stor Almendros\u201d (Tomares, Sevilla) ha sido merecidamente destacado en <a href=\"http:\/\/aula.elmundo.es\/aula\/noticia.php\/2007\/02\/01\/aula1170268487.html\">este art\u00edculo de Aula de El Mundo<\/a>.<br \/>\nOtro blog destacado ha sido <a href=\"http:\/\/www.arteolmos.blogspot.com\/\">arteolmos<\/a>, se trata de un espacio para los alumnos de Historia del Arte de 2\u00ba de Bachillerato del Colegio Los Olmos de Madrid.<\/p>\n<blockquote><p>Tras constatar que sus alumnos empleaban la Red a menudo, y al darse cuenta de que las horas de clase se quedaban cortas, el [tag]profesor[\/tag] de Historia del [tag]Arte [\/tag]sevillano Juan Diego Caballero actu\u00f3. El resultado, ahora, fomenta el esp\u00edtitu dial\u00e9ctico y la pasi\u00f3n por el arte no s\u00f3lo en Espa\u00f1a, sino tambi\u00e9n al otro lado del charco. Se trata del blog http:\/\/www.aprendersociales.blogspot.com. \u201cMe escribi\u00f3 una profesora de Uruguay, me dijo que usaba las presentaciones que cuelgo en el blog en sus clases&#8230;\u201d, cuenta este profesor.<\/p>\n<p>Comenz\u00f3 en verano, cuando ni siquiera estaba dando clase, pero s\u00ed prepar\u00e1ndolas. En estos momentos, los primeros estudiantes para los que, cada d\u00eda, actualiz\u00f3 su blog sobre arte, est\u00e1n en primero de carrera. \u201cFui poniendo cosas en vacaciones y, cuando comenz\u00f3 el curso, lo fuimos viendo todos juntos\u201d, detalla.\n<\/p><\/blockquote>\n<p> <a href=\"http:\/\/aula.elmundo.es\/aula\/noticia.php\/2007\/02\/01\/aula1170268487.html\">Leer art\u00edculo completo.<\/a><br \/>\nEnhorabuena a Juan Diego y a \u00abVelazquez\u00bb, estas cosas gustan y en esta vida todo trabajo hecho con amor e ilusi\u00f3n se ve recompensado.<\/p>\n<p><!--adsense--><\/p>\n","protected":false},"excerpt":{"rendered":"<p>El [tag]blog [\/tag]de Juan Diego Caballero Oliver, catedr\u00e1tico de Geograf\u00eda e Historia en el IES \u201cN\u00e9stor Almendros\u201d (Tomares, Sevilla) ha sido merecidamente destacado en este art\u00edculo de Aula de El Mundo. Otro blog destacado ha sido arteolmos, se trata de un espacio para los alumnos de Historia del Arte de 2\u00ba de Bachillerato del Colegio [&hellip;]<\/p>\n","protected":false},"author":1,"featured_media":0,"comment_status":"open","ping_status":"open","sticky":false,"template":"","format":"standard","meta":{"footnotes":""},"categories":[2],"tags":[],"class_list":["post-1218","post","type-post","status-publish","format-standard","hentry","category-weblogs_en_el_aula"],"_links":{"self":[{"href":"http:\/\/aula21.net\/aulablog21\/wp-json\/wp\/v2\/posts\/1218","targetHints":{"allow":["GET"]}}],"collection":[{"href":"http:\/\/aula21.net\/aulablog21\/wp-json\/wp\/v2\/posts"}],"about":[{"href":"http:\/\/aula21.net\/aulablog21\/wp-json\/wp\/v2\/types\/post"}],"author":[{"embeddable":true,"href":"http:\/\/aula21.net\/aulablog21\/wp-json\/wp\/v2\/users\/1"}],"replies":[{"embeddable":true,"href":"http:\/\/aula21.net\/aulablog21\/wp-json\/wp\/v2\/comments?post=1218"}],"version-history":[{"count":0,"href":"http:\/\/aula21.net\/aulablog21\/wp-json\/wp\/v2\/posts\/1218\/revisions"}],"wp:attachment":[{"href":"http:\/\/aula21.net\/aulablog21\/wp-json\/wp\/v2\/media?parent=1218"}],"wp:term":[{"taxonomy":"category","embeddable":true,"href":"http:\/\/aula21.net\/aulablog21\/wp-json\/wp\/v2\/categories?post=1218"},{"taxonomy":"post_tag","embeddable":true,"href":"http:\/\/aula21.net\/aulablog21\/wp-json\/wp\/v2\/tags?post=1218"}],"curies":[{"name":"wp","href":"https:\/\/api.w.org\/{rel}","templated":true}]}}