{"id":1235,"date":"2007-02-18T12:50:18","date_gmt":"2007-02-18T11:50:18","guid":{"rendered":"http:\/\/www.aula21.net\/aulablog21\/archives\/2007\/02\/18\/una-vez-mas-serna-nos-da-una-leccion\/"},"modified":"2007-02-18T21:46:57","modified_gmt":"2007-02-18T20:46:57","slug":"una-vez-mas-serna-nos-da-una-leccion","status":"publish","type":"post","link":"http:\/\/aula21.net\/aulablog21\/archives\/2007\/02\/18\/una-vez-mas-serna-nos-da-una-leccion\/","title":{"rendered":"Una vez m\u00e1s Serna nos da una lecci\u00f3n"},"content":{"rendered":"<p>Especial predilecci\u00f3n siento por <a href=\"http:\/\/www.auladeletras.net\/blog\">Jose Mar\u00eda Serna<\/a> una persona de la que he aprendido un mont\u00f3n de cosas tanto a trav\u00e9s de su blog como de sus m\u00faltiples proyectos en la web que pueden verse en <a href=\"http:\/\/www.auladeletras.net\/blog\/?p=194\">\u00abMapa de mi mismo\u00bb<\/a>.<br \/>\nResulta que a este innovador profesor que ha dedicado cientos y cientos de horas a crear magn\u00edficos materiales para disfrute de profesores y alumnos sin pedir nada a cambio la Junta de Andaluc\u00eda le ha denegado el permiso para impartir un Taller de Radio destinado al profesorado del Centro de Profesores de Tomelloso (Ciudad Real) , todo el asunto perfectamente explicado nos lo contaba Jose Mar\u00eda recientemente <a href=\"http:\/\/www.auladeletras.net\/blog\/?p=236\">en este art\u00edculo<\/a>.<br \/>\nCuanta palabrer\u00eda hay en muchos \u00abjefecillos de la nada\u00bb de la Consejer\u00eda de Educaci\u00f3n a los que se les llena la boca hablando de la importancia de las TIC en la ense\u00f1anza que \u00abno saben hacer ni un blog con un canuto\u00bb. A todos ellos Jose Mar\u00eda Serna, maestro de maestros, les ha dado una soberana lecci\u00f3n y hoy ha publicado  la presentaci\u00f3n acerca de la Radio en la escuela que no ha podido impartir <a href=\"http:\/\/www.auladeletras.net\/blog\/?p=241\">\u00abRadio escolar a la carta. Una experiencia en el aula\u00bb<\/a>.<br \/>\nJose Mar\u00eda si que has podido impartir tu taller a pesar de los pesares pues tu trabajo se ver\u00e1 publicado en todos nuestros blogs y se beneficiaran de ello miles de personas gracias una vez m\u00e1s a tu generosidad.<br \/>\nSeguro que en la Consejer\u00eda de Educaci\u00f3n de la Junta de Andaluc\u00eda hay gente inteligente que se habr\u00e1 dado cuenta de la metedura de pata de alg\u00fan inepto y enmendar\u00e1 este error.<\/p>\n","protected":false},"excerpt":{"rendered":"<p>Especial predilecci\u00f3n siento por Jose Mar\u00eda Serna una persona de la que he aprendido un mont\u00f3n de cosas tanto a trav\u00e9s de su blog como de sus m\u00faltiples proyectos en la web que pueden verse en \u00abMapa de mi mismo\u00bb. Resulta que a este innovador profesor que ha dedicado cientos y cientos de horas a [&hellip;]<\/p>\n","protected":false},"author":1,"featured_media":0,"comment_status":"open","ping_status":"open","sticky":false,"template":"","format":"standard","meta":{"footnotes":""},"categories":[8],"tags":[],"class_list":["post-1235","post","type-post","status-publish","format-standard","hentry","category-educacion_e_internet"],"_links":{"self":[{"href":"http:\/\/aula21.net\/aulablog21\/wp-json\/wp\/v2\/posts\/1235","targetHints":{"allow":["GET"]}}],"collection":[{"href":"http:\/\/aula21.net\/aulablog21\/wp-json\/wp\/v2\/posts"}],"about":[{"href":"http:\/\/aula21.net\/aulablog21\/wp-json\/wp\/v2\/types\/post"}],"author":[{"embeddable":true,"href":"http:\/\/aula21.net\/aulablog21\/wp-json\/wp\/v2\/users\/1"}],"replies":[{"embeddable":true,"href":"http:\/\/aula21.net\/aulablog21\/wp-json\/wp\/v2\/comments?post=1235"}],"version-history":[{"count":0,"href":"http:\/\/aula21.net\/aulablog21\/wp-json\/wp\/v2\/posts\/1235\/revisions"}],"wp:attachment":[{"href":"http:\/\/aula21.net\/aulablog21\/wp-json\/wp\/v2\/media?parent=1235"}],"wp:term":[{"taxonomy":"category","embeddable":true,"href":"http:\/\/aula21.net\/aulablog21\/wp-json\/wp\/v2\/categories?post=1235"},{"taxonomy":"post_tag","embeddable":true,"href":"http:\/\/aula21.net\/aulablog21\/wp-json\/wp\/v2\/tags?post=1235"}],"curies":[{"name":"wp","href":"https:\/\/api.w.org\/{rel}","templated":true}]}}