{"id":1237,"date":"2007-02-18T15:19:47","date_gmt":"2007-02-18T14:19:47","guid":{"rendered":"http:\/\/www.aula21.net\/aulablog21\/archives\/2007\/02\/18\/dos-siglo-de-teoria-atomica\/"},"modified":"2007-02-18T16:55:17","modified_gmt":"2007-02-18T15:55:17","slug":"dos-siglo-de-teoria-atomica","status":"publish","type":"post","link":"http:\/\/aula21.net\/aulablog21\/archives\/2007\/02\/18\/dos-siglo-de-teoria-atomica\/","title":{"rendered":"Dos siglos de teor\u00eda at\u00f3mica"},"content":{"rendered":"<p>Interesante art\u00edculo titulado <a href=\"http:\/\/www.lanacion.cl\/p4_lanacion\/antialone.html?page=http:\/\/www.lanacion.cl\/p4_lanacion\/site\/artic\/20031021\/pags\/20031021194146.html\">\u00abEl d\u00eda que un dalt\u00f3nico revolucion\u00f3 la ciencia\u00bb<\/a> en el diario La Naci\u00f3n.<br \/>\nNos recuerda la vida y obra de <a href=\"http:\/\/es.wikipedia.org\/wiki\/John_Dalton\">John Dalton<\/a>  autor de la teor\u00eda at\u00f3mica en la que se basa la ciencia f\u00edsica moderna.<br \/>\nAsimismo estudi\u00f3 la enfermedad que padec\u00eda, conocida como acromatopsia y posteriormente llamada daltonismo en su honor.<br \/>\nEl mi\u00e9rcoles dedicar\u00e9 una clase a hablar sobre este personaje en el instituto.<br \/>\nAgunos recursos adicionales son:<br \/>\n&#8211;<a href=\"http:\/\/aula.elmundo.es\/aula\/laminas\/lamina1071138344.pdf\">L\u00e1mina sobre el \u00e1tomo de Aula de El Mundo.<\/a><br \/>\n&#8211;<a href=\"http:\/\/concurso.cnice.mec.es\/cnice2005\/93_iniciacion_interactiva_materia\/curso\/materiales\/atomo\/modelos.htm\">Iniciaci\u00f3n interactiva a la materia premiado en el 2005 por el CNICE<\/a><br \/>\n&#8211; <a href=\"http:\/\/www.anfrix.com\/module\/image\/gallery\/main.php?g2_view=core.DownloadItem&#038;g2_itemId=1454&#038;g2_serialNumber=1\">Hist\u00f3rica foto <\/a>en la que aparecen todos los padres de las modernas teor\u00edas acerca de la constituci\u00f3n de la materia. Einstein, Pauli, Bohr, Dirac,Heisenberg ,Schr\u00f6dinger, Broglie, Madame Curie, Planck etc. Todos ellos se reunieron en una de las conferencias de f\u00edsica que a comienzos del pasado siglo XX organiz\u00f3 el industrial belga Ernest Solvay a las que eran invitadas las mentes m\u00e1s privilegiadas del momento. Asimismo <a href=\"http:\/\/216.120.242.82\/~greensp\/video.html\">podemos verlos en este hist\u00f3rico video<\/a><br \/>\n&#8211; A los alumnos les atrae un  mont\u00f3n la figura de Eisntein podemos ver <a href=\"http:\/\/video.google.es\/videoplay?docid=-295176364230033561&#038;q=einstein+color\">en Google algunos videos en color del personaje.<\/a><\/p>\n","protected":false},"excerpt":{"rendered":"<p>Interesante art\u00edculo titulado \u00abEl d\u00eda que un dalt\u00f3nico revolucion\u00f3 la ciencia\u00bb en el diario La Naci\u00f3n. Nos recuerda la vida y obra de John Dalton autor de la teor\u00eda at\u00f3mica en la que se basa la ciencia f\u00edsica moderna. Asimismo estudi\u00f3 la enfermedad que padec\u00eda, conocida como acromatopsia y posteriormente llamada daltonismo en su honor. [&hellip;]<\/p>\n","protected":false},"author":1,"featured_media":0,"comment_status":"open","ping_status":"open","sticky":false,"template":"","format":"standard","meta":{"footnotes":""},"categories":[8,20],"tags":[],"class_list":["post-1237","post","type-post","status-publish","format-standard","hentry","category-educacion_e_internet","category-video"],"_links":{"self":[{"href":"http:\/\/aula21.net\/aulablog21\/wp-json\/wp\/v2\/posts\/1237","targetHints":{"allow":["GET"]}}],"collection":[{"href":"http:\/\/aula21.net\/aulablog21\/wp-json\/wp\/v2\/posts"}],"about":[{"href":"http:\/\/aula21.net\/aulablog21\/wp-json\/wp\/v2\/types\/post"}],"author":[{"embeddable":true,"href":"http:\/\/aula21.net\/aulablog21\/wp-json\/wp\/v2\/users\/1"}],"replies":[{"embeddable":true,"href":"http:\/\/aula21.net\/aulablog21\/wp-json\/wp\/v2\/comments?post=1237"}],"version-history":[{"count":0,"href":"http:\/\/aula21.net\/aulablog21\/wp-json\/wp\/v2\/posts\/1237\/revisions"}],"wp:attachment":[{"href":"http:\/\/aula21.net\/aulablog21\/wp-json\/wp\/v2\/media?parent=1237"}],"wp:term":[{"taxonomy":"category","embeddable":true,"href":"http:\/\/aula21.net\/aulablog21\/wp-json\/wp\/v2\/categories?post=1237"},{"taxonomy":"post_tag","embeddable":true,"href":"http:\/\/aula21.net\/aulablog21\/wp-json\/wp\/v2\/tags?post=1237"}],"curies":[{"name":"wp","href":"https:\/\/api.w.org\/{rel}","templated":true}]}}