{"id":1245,"date":"2007-02-22T21:31:31","date_gmt":"2007-02-22T20:31:31","guid":{"rendered":"http:\/\/www.aula21.net\/aulablog21\/archives\/2007\/02\/22\/entrevista-a-jose-maria-garcia\/"},"modified":"2007-02-26T16:58:02","modified_gmt":"2007-02-26T15:58:02","slug":"entrevista-a-jose-maria-garcia","status":"publish","type":"post","link":"http:\/\/aula21.net\/aulablog21\/archives\/2007\/02\/22\/entrevista-a-jose-maria-garcia\/","title":{"rendered":"Entrevista a Jose Mar\u00eda Garcia"},"content":{"rendered":"<p>Cuando era chico y hasta muchos a\u00f1os despu\u00e9s me dorm\u00eda escuchando la voz del famoso periodista deportivo Jose Mar\u00eda Garcia.<br \/>\nHoy est\u00e1 de nuevo de actualidad porque Televisi\u00f3n Espa\u00f1ola ha decidido no emitir la entrevista que le ha realizado Jes\u00fas Quintero cuya emisi\u00f3n estaba programada esta noche en \u00abLa Noche de Quintero\u00bb.<br \/>\nLa direcci\u00f3n de TVE ha enviado un comunicado a los medios en el que justifica su decisi\u00f3n: \u00abTVE no considera oportuna su difusi\u00f3n porque en ella no se vierten opiniones, sino insultos, descalificaciones y ataques a terceras personas\u00bb.<br \/>\n\u00bfPodr\u00e1 verse algo de la entrevista en YouTube?<br \/>\n<strong>TVE. La Noche de Quintero. Censura a Jose Mar\u00eda Garc\u00eda<\/strong><br \/>\n\u00abTVE ha decidido ofrecer -de toda la entrevista de Quintero a Garc\u00eda- \u00fanicamente los comentarios cr\u00edticos de Jos\u00e9 Mar\u00eda Garc\u00eda sobre Luis Fern\u00e1ndez, Presidente de RTVE, para evitar cualquier duda sobre los motivos de esta suspensi\u00f3n\u00bb.<\/p>\n<p><object width=\"425\" height=\"350\"><param name=\"movie\" value=\"http:\/\/www.youtube.com\/v\/WiAR7VtXeik\"><\/param><param name=\"wmode\" value=\"transparent\"><\/param><embed src=\"http:\/\/www.youtube.com\/v\/WiAR7VtXeik\" type=\"application\/x-shockwave-flash\" wmode=\"transparent\" width=\"425\" height=\"350\"><\/embed><\/object><\/p>\n<p><a href=\"http:\/\/www.youtube.com\/watch?v=WiAR7VtXeik\">El video tiene ya un mont\u00f3n de comentarios.<\/a><br \/>\nActualizaci\u00f3n:<br \/>\nVer la entrevista a Jos\u00e9 Mar\u00eda Garc\u00eda:<\/p>\n<p><a href=\"http:\/\/www.elconfidencial.com\/videos\/indice.asp?id=331&#038;edicion=23\/02\/2007\">Primera Parte<\/a><\/p>\n<p><a href=\"http:\/\/www.elconfidencial.com\/videos\/indice.asp?id=332&#038;edicion=23\/02\/2007\">Segunda Parte<\/a><\/p>\n<p><!--adsense--><\/p>\n","protected":false},"excerpt":{"rendered":"<p>Cuando era chico y hasta muchos a\u00f1os despu\u00e9s me dorm\u00eda escuchando la voz del famoso periodista deportivo Jose Mar\u00eda Garcia. Hoy est\u00e1 de nuevo de actualidad porque Televisi\u00f3n Espa\u00f1ola ha decidido no emitir la entrevista que le ha realizado Jes\u00fas Quintero cuya emisi\u00f3n estaba programada esta noche en \u00abLa Noche de Quintero\u00bb. La direcci\u00f3n de [&hellip;]<\/p>\n","protected":false},"author":1,"featured_media":0,"comment_status":"open","ping_status":"open","sticky":false,"template":"","format":"standard","meta":{"footnotes":""},"categories":[1,20],"tags":[],"class_list":["post-1245","post","type-post","status-publish","format-standard","hentry","category-miscelanea","category-video"],"_links":{"self":[{"href":"http:\/\/aula21.net\/aulablog21\/wp-json\/wp\/v2\/posts\/1245","targetHints":{"allow":["GET"]}}],"collection":[{"href":"http:\/\/aula21.net\/aulablog21\/wp-json\/wp\/v2\/posts"}],"about":[{"href":"http:\/\/aula21.net\/aulablog21\/wp-json\/wp\/v2\/types\/post"}],"author":[{"embeddable":true,"href":"http:\/\/aula21.net\/aulablog21\/wp-json\/wp\/v2\/users\/1"}],"replies":[{"embeddable":true,"href":"http:\/\/aula21.net\/aulablog21\/wp-json\/wp\/v2\/comments?post=1245"}],"version-history":[{"count":0,"href":"http:\/\/aula21.net\/aulablog21\/wp-json\/wp\/v2\/posts\/1245\/revisions"}],"wp:attachment":[{"href":"http:\/\/aula21.net\/aulablog21\/wp-json\/wp\/v2\/media?parent=1245"}],"wp:term":[{"taxonomy":"category","embeddable":true,"href":"http:\/\/aula21.net\/aulablog21\/wp-json\/wp\/v2\/categories?post=1245"},{"taxonomy":"post_tag","embeddable":true,"href":"http:\/\/aula21.net\/aulablog21\/wp-json\/wp\/v2\/tags?post=1245"}],"curies":[{"name":"wp","href":"https:\/\/api.w.org\/{rel}","templated":true}]}}