{"id":1251,"date":"2007-02-26T22:17:30","date_gmt":"2007-02-26T21:17:30","guid":{"rendered":"http:\/\/www.aula21.net\/aulablog21\/archives\/2007\/02\/26\/aprobado-el-real-decreto-de-acceso-a-la-funcion-publica-docente\/"},"modified":"2007-02-26T22:27:50","modified_gmt":"2007-02-26T21:27:50","slug":"aprobado-el-real-decreto-de-acceso-a-la-funcion-publica-docente","status":"publish","type":"post","link":"http:\/\/aula21.net\/aulablog21\/archives\/2007\/02\/26\/aprobado-el-real-decreto-de-acceso-a-la-funcion-publica-docente\/","title":{"rendered":"Aprobado el Real Decreto de Acceso a la Funci\u00f3n P\u00fablica Docente"},"content":{"rendered":"<p>El Consejo de Ministros aprob\u00f3 el pasado viernes <a href=\"http:\/\/www.mec.es\/mecd\/gabipren\/documentos\/personal-docente-texto-rd.pdf\">el Real Decreto de Ingreso en la funci\u00f3n p\u00fablica docente no universitaria,<\/a> que introduce un sistema transitorio para el alt\u00edsimo n\u00famero de profesores interinos contratados por las Administraciones educativas, como establece la Ley Org\u00e1nica de Educaci\u00f3n.<br \/>\nEl Real Decreto ser\u00e1 de aplicaci\u00f3n ya en las pr\u00f3ximas convocatorias de oposiciones y las medidas espec\u00edficas destinadas al profesorado interino lo ser\u00e1n durante el periodo de aplicaci\u00f3n de la Ley Org\u00e1nica de Educaci\u00f3n, que es de cinco a\u00f1os.<\/p>\n<p>Asimismo, las oposiciones constar\u00e1n de una \u00fanica prueba compuesta de distintos ejercicio, enfocados principalmente al conocimiento espec\u00edfico de la especialidad a la que se opta y de las correspondientes aptitudes pedag\u00f3gicas adem\u00e1s de, en su caso, un ejercicio pr\u00e1ctico. Una vez que se supere la prueba, la suma de lo obtenido en la fase de oposici\u00f3n con la puntuaci\u00f3n de los m\u00e9ritos decidir\u00e1 el resultado final.<br \/>\nEl sistema transitorio se contempla la posibilidad de que, en sus respectivas convocatorias, las Administraciones Educativas permitan que los profesores interinos puedan solicitar un informe sobre su competencia docente.<\/p>\n<p>Este informe ser\u00e1 valorado por el tribunal de oposiciones en lugar de la parte de la prueba centrada en la planificaci\u00f3n y desarrollo de las actividades de ense\u00f1anzas y aprendizaje. <\/p>\n<p>El RD establece tambi\u00e9n un sistema estable y general para el futuro ingreso a la funci\u00f3n p\u00fablica docente, y regula los correspondientes procedimientos para los accesos y la adquisici\u00f3n de nuevas especialidades.<br \/>\n<a href=\"http:\/\/www.mec.es\/mecd\/gabipren\/documentos\/personal-docente-texto-rd.pdf\">Real Decreto en pdf<\/a><br \/>\n<a href=\"http:\/\/www.infomelilla.com\/noticias\/index.php?accion=1&#038;id=1873\">Uni\u00f3n General de Trabajadores lo valora positivamente.<\/a><br \/>\n&#8211;<a href=\"http:\/\/www.elpais.com\/articulo\/educacion\/interinos\/podran\/cambiar\/informe\/pruebas\/oposicion\/elpepuedu\/20070226elpepiedu_8\/Tes\">Los interinos podr\u00e1n cambiar por un informe una de las pruebas de la oposici\u00f3n.<\/a> Art\u00edculo de El Pa\u00eds<\/p>\n<p><!--adsense--><\/p>\n","protected":false},"excerpt":{"rendered":"<p>El Consejo de Ministros aprob\u00f3 el pasado viernes el Real Decreto de Ingreso en la funci\u00f3n p\u00fablica docente no universitaria, que introduce un sistema transitorio para el alt\u00edsimo n\u00famero de profesores interinos contratados por las Administraciones educativas, como establece la Ley Org\u00e1nica de Educaci\u00f3n. El Real Decreto ser\u00e1 de aplicaci\u00f3n ya en las pr\u00f3ximas convocatorias [&hellip;]<\/p>\n","protected":false},"author":1,"featured_media":0,"comment_status":"open","ping_status":"open","sticky":false,"template":"","format":"standard","meta":{"footnotes":""},"categories":[17,19,1],"tags":[],"class_list":["post-1251","post","type-post","status-publish","format-standard","hentry","category-articulos","category-educacion","category-miscelanea"],"_links":{"self":[{"href":"http:\/\/aula21.net\/aulablog21\/wp-json\/wp\/v2\/posts\/1251","targetHints":{"allow":["GET"]}}],"collection":[{"href":"http:\/\/aula21.net\/aulablog21\/wp-json\/wp\/v2\/posts"}],"about":[{"href":"http:\/\/aula21.net\/aulablog21\/wp-json\/wp\/v2\/types\/post"}],"author":[{"embeddable":true,"href":"http:\/\/aula21.net\/aulablog21\/wp-json\/wp\/v2\/users\/1"}],"replies":[{"embeddable":true,"href":"http:\/\/aula21.net\/aulablog21\/wp-json\/wp\/v2\/comments?post=1251"}],"version-history":[{"count":0,"href":"http:\/\/aula21.net\/aulablog21\/wp-json\/wp\/v2\/posts\/1251\/revisions"}],"wp:attachment":[{"href":"http:\/\/aula21.net\/aulablog21\/wp-json\/wp\/v2\/media?parent=1251"}],"wp:term":[{"taxonomy":"category","embeddable":true,"href":"http:\/\/aula21.net\/aulablog21\/wp-json\/wp\/v2\/categories?post=1251"},{"taxonomy":"post_tag","embeddable":true,"href":"http:\/\/aula21.net\/aulablog21\/wp-json\/wp\/v2\/tags?post=1251"}],"curies":[{"name":"wp","href":"https:\/\/api.w.org\/{rel}","templated":true}]}}