{"id":126,"date":"2004-12-14T16:18:46","date_gmt":"2004-12-14T15:18:46","guid":{"rendered":"http:\/\/127.0.0.1\/wordpress2\/index.php\/archives\/2004\/12\/14\/humos\/"},"modified":"2004-12-27T21:32:33","modified_gmt":"2004-12-27T20:32:33","slug":"humos","status":"publish","type":"post","link":"http:\/\/aula21.net\/aulablog21\/archives\/2004\/12\/14\/humos\/","title":{"rendered":"Humos"},"content":{"rendered":"<p>As\u00ed se titula el art\u00edculo aparecido hoy en el diario extreme\u00f1o <a href=\"http:\/\/www.hoy.es\/\">Hoy<\/a> firmado por Francisco J. Olivares del Valle ( catedr\u00e1tico de Qu\u00edmica F\u00edsica de la Universidad de Extremadura). El curso 1983\/84 tuve el placer y honor de ser su alumno. <br \/><a href=\"http:\/\/www.hoy.es\/pg041213\/prensa\/noticias\/Articulos_Opinion\/200412\/13\/HOY-OPI-116.html\">El art\u00edculo no tiene desperdicio<\/a> y refleja de forma inteligente y certera lo que muchos docentes pensamos respecto a como se est\u00e1n implantando las <span class=\"caps\">TIC<\/span> en nuestra regi\u00f3n.<br \/>Podemos leer:<br \/><b>Un nuevo modelo educativo? qu\u00e9 modelo? donde est\u00e1 ese modelo? qui\u00e9n lo ha dise\u00f1ado? qui\u00e9n lo conoce? Por favor, un poco de concreci\u00f3n. Nadie sabe cu\u00e1l es el nuevo modelo educativo. No porque los profesionales de la ense\u00f1anza no sean capaces de autoinnovarse, sino porque ning\u00fan pol\u00edtico responsable en el sector educacional ha elaborado ning\u00fan modelo p\u00fablico m\u00ednimamente claro, coherente y fundamentado, o es que s\u00f3lo se trata de prodigar ofim\u00e1tica y que cada cu\u00e1l haga lo que pueda y sepa?.<br \/><\/b><br \/>O este otro p\u00e1rrafo:<br \/><b>En un ejercicio de intenso optimismo y a tenor de las palabras pronunciadas por el director general Castro, podr\u00edamos intuir que el nuevo modelo educativo ya lo tienen confeccionado. S\u00f3lo falta que nos lo cuenten y que podamos conocer, adem\u00e1s de las estrategias, los pormenores de tan necesario programa formativo. La vida es bella, pero corta, y no debemos desperdiciar nuestro capital humano. Y menos, cuando se usa dinero p\u00fablico. <\/b><br \/>Pero lo suyo es leerlo entero a lo que os animo:<br \/><a href=\"http:\/\/www.hoy.es\/pg041213\/prensa\/noticias\/Articulos_Opinion\/200412\/13\/HOY-OPI-116.html\">Humos por F. Olivares del Valle<\/a><br \/>Lo curioso ha sido que el art\u00edculo ha aparecido publicado el mismo d\u00eda que un reportaje titulado <a href=\"http:\/\/www.hoy.es\/pg041213\/prensa\/noticias\/Regional\/200412\/13\/HOY-LOC-000.html\">&quot;Extremadura es el para\u00edso europeo de la Sociedad de la Informaci\u00f3n&quot; <\/a>.<br \/>Seamos serios se\u00f1ores esto no es ning\u00fan paraiso y por suerte hay voces tan respetadas como las de mi antiguo profesor que ponen las cosas en su justa medida.<br \/>Enhorabuena Paco por tu art\u00edculo.<\/p>\n","protected":false},"excerpt":{"rendered":"<p>As\u00ed se titula el art\u00edculo aparecido hoy en el diario extreme\u00f1o Hoy firmado por Francisco J. Olivares del Valle ( catedr\u00e1tico de Qu\u00edmica F\u00edsica de la Universidad de Extremadura). El curso 1983\/84 tuve el placer y honor de ser su alumno. El art\u00edculo no tiene desperdicio y refleja de forma inteligente y certera lo que [&hellip;]<\/p>\n","protected":false},"author":1,"featured_media":0,"comment_status":"open","ping_status":"open","sticky":false,"template":"","format":"standard","meta":{"footnotes":""},"categories":[8],"tags":[],"class_list":["post-126","post","type-post","status-publish","format-standard","hentry","category-educacion_e_internet"],"_links":{"self":[{"href":"http:\/\/aula21.net\/aulablog21\/wp-json\/wp\/v2\/posts\/126","targetHints":{"allow":["GET"]}}],"collection":[{"href":"http:\/\/aula21.net\/aulablog21\/wp-json\/wp\/v2\/posts"}],"about":[{"href":"http:\/\/aula21.net\/aulablog21\/wp-json\/wp\/v2\/types\/post"}],"author":[{"embeddable":true,"href":"http:\/\/aula21.net\/aulablog21\/wp-json\/wp\/v2\/users\/1"}],"replies":[{"embeddable":true,"href":"http:\/\/aula21.net\/aulablog21\/wp-json\/wp\/v2\/comments?post=126"}],"version-history":[{"count":0,"href":"http:\/\/aula21.net\/aulablog21\/wp-json\/wp\/v2\/posts\/126\/revisions"}],"wp:attachment":[{"href":"http:\/\/aula21.net\/aulablog21\/wp-json\/wp\/v2\/media?parent=126"}],"wp:term":[{"taxonomy":"category","embeddable":true,"href":"http:\/\/aula21.net\/aulablog21\/wp-json\/wp\/v2\/categories?post=126"},{"taxonomy":"post_tag","embeddable":true,"href":"http:\/\/aula21.net\/aulablog21\/wp-json\/wp\/v2\/tags?post=126"}],"curies":[{"name":"wp","href":"https:\/\/api.w.org\/{rel}","templated":true}]}}