{"id":1260,"date":"2007-03-02T10:59:30","date_gmt":"2007-03-02T09:59:30","guid":{"rendered":"http:\/\/www.aula21.net\/aulablog21\/archives\/2007\/03\/02\/antologia-de-poesia-musicalizada\/"},"modified":"2007-03-02T11:52:08","modified_gmt":"2007-03-02T10:52:08","slug":"antologia-de-poesia-musicalizada","status":"publish","type":"post","link":"http:\/\/aula21.net\/aulablog21\/archives\/2007\/03\/02\/antologia-de-poesia-musicalizada\/","title":{"rendered":"Antolog\u00eda Po\u00e9tica musicalizada"},"content":{"rendered":"<p>Puede que muchos ya conozcan el blog <a href=\"http:\/\/antologiapoeticamultimedia.blogspot.com\/\">Antolog\u00eda Po\u00e9tica Multimedia<\/a> pero yo lo he descubierto hoy y me parece una maravilla<br \/>\nSe trata de un aut\u00e9ntico disfrute de la literatura, podemos escuchar decenas de magn\u00edficos poemas seleccionados en la voz de cantantes como Paco Iba\u00f1ez, Pablo Milan\u00e9s, Amancio Prada, Serrat, Camar\u00f3n de la Isla&#8230;.<br \/>\nEl art\u00edfice de esto es <a href=\"http:\/\/angelpuente.blogspot.com\/\">el gran \u00c1ngel Puente<\/a> asiduo visitante de este blog desde sus inicios. Enhorabuena macho es una delicia ver trabajos como el tuyo.<br \/>\nSi yo fuera profesor de Lengua desde luego que lo usar\u00eda con mis alumnos y les animar\u00eda a que  hicieran un blog con algun poema leido por ellos. Poesia 2.0 en estado puro, merece un premio en alg\u00fan  certamen  de los que promocionan el fomento de la lectura.<br \/>\n\u00bfPor que ser\u00e1 que los profesores de Lengua y Literatura son los que hacen m\u00e1s maravillas con los blogs? prefiero no citar a nadie por temor a olvidarme de alguno. Tampoco ser\u00eda justo olvidarme de la gente de <a href=\"http:\/\/www.chironweb.org\/\">Chir\u00f3n (\u03a7\u03b5\u03af\u03c1\u03c9\u03bd).<\/a> y tantos otros&#8230;<\/p>\n","protected":false},"excerpt":{"rendered":"<p>Puede que muchos ya conozcan el blog Antolog\u00eda Po\u00e9tica Multimedia pero yo lo he descubierto hoy y me parece una maravilla Se trata de un aut\u00e9ntico disfrute de la literatura, podemos escuchar decenas de magn\u00edficos poemas seleccionados en la voz de cantantes como Paco Iba\u00f1ez, Pablo Milan\u00e9s, Amancio Prada, Serrat, Camar\u00f3n de la Isla&#8230;. El [&hellip;]<\/p>\n","protected":false},"author":1,"featured_media":0,"comment_status":"open","ping_status":"open","sticky":false,"template":"","format":"standard","meta":{"footnotes":""},"categories":[2],"tags":[],"class_list":["post-1260","post","type-post","status-publish","format-standard","hentry","category-weblogs_en_el_aula"],"_links":{"self":[{"href":"http:\/\/aula21.net\/aulablog21\/wp-json\/wp\/v2\/posts\/1260","targetHints":{"allow":["GET"]}}],"collection":[{"href":"http:\/\/aula21.net\/aulablog21\/wp-json\/wp\/v2\/posts"}],"about":[{"href":"http:\/\/aula21.net\/aulablog21\/wp-json\/wp\/v2\/types\/post"}],"author":[{"embeddable":true,"href":"http:\/\/aula21.net\/aulablog21\/wp-json\/wp\/v2\/users\/1"}],"replies":[{"embeddable":true,"href":"http:\/\/aula21.net\/aulablog21\/wp-json\/wp\/v2\/comments?post=1260"}],"version-history":[{"count":0,"href":"http:\/\/aula21.net\/aulablog21\/wp-json\/wp\/v2\/posts\/1260\/revisions"}],"wp:attachment":[{"href":"http:\/\/aula21.net\/aulablog21\/wp-json\/wp\/v2\/media?parent=1260"}],"wp:term":[{"taxonomy":"category","embeddable":true,"href":"http:\/\/aula21.net\/aulablog21\/wp-json\/wp\/v2\/categories?post=1260"},{"taxonomy":"post_tag","embeddable":true,"href":"http:\/\/aula21.net\/aulablog21\/wp-json\/wp\/v2\/tags?post=1260"}],"curies":[{"name":"wp","href":"https:\/\/api.w.org\/{rel}","templated":true}]}}