{"id":1268,"date":"2007-03-06T11:09:32","date_gmt":"2007-03-06T10:09:32","guid":{"rendered":"http:\/\/www.aula21.net\/aulablog21\/archives\/2007\/03\/06\/en-el-colegio-pero-on-line-experiencia-en-el-pais-vasco-2\/"},"modified":"2007-03-06T11:18:15","modified_gmt":"2007-03-06T10:18:15","slug":"en-el-colegio-pero-on-line-experiencia-en-el-pais-vasco-2","status":"publish","type":"post","link":"http:\/\/aula21.net\/aulablog21\/archives\/2007\/03\/06\/en-el-colegio-pero-on-line-experiencia-en-el-pais-vasco-2\/","title":{"rendered":"En el colegio, pero &#8216;on line&#8217;, experiencia en el Pais Vasco"},"content":{"rendered":"<p>Leo en la edici\u00f3n vasca del diario El Pais un reportaje titulado <a href=\"http:\/\/www.elpais.com\/articulo\/pais\/vasco\/colegio\/on\/line\/elpepuesppvs\/20070219elpvas_1\/Tes\">En el colegio, pero &#8216;on line&#8217;<\/a><br \/>\nNos cuentan que medio centenar de colegios vascos de las redes p\u00fablica y concertada imparten este curso cinco asignaturas de primero y segundo de Secundaria on line, exclusivamente a trav\u00e9s de Internet. Se trata de un ambicioso proyecto que tuvo su g\u00e9nesis el curso pasado (2005-06) cuando se ofert\u00f3 la asignatura de Taller de Cuentos en ingl\u00e9s y se apuntaron seis centros y 46 alumnos.<br \/>\nLas asignaturas se imparten a trav\u00e9s de <a href=\"http:\/\/www.eIkasi.net\">la p\u00e1gina web www.eIkasi.net<\/a><br \/>\n<a href=\"http:\/\/www.elpais.com\/articulo\/pais\/vasco\/colegio\/on\/line\/elpepuesppvs\/20070219elpvas_1\/Tes\">Leer completo.<\/a><br \/>\nLa iniciativa me parece extraordinaria y especialmente brillante me parece una de sus justificaciones:<\/p>\n<blockquote><p>Una de las prioridades del Departamento de Educaci\u00f3n es que al concluir la Secundaria (a los 16 a\u00f1os) el alumnado cuente con una formaci\u00f3n en el uso de las tecnolog\u00edas de la informaci\u00f3n y la comunicaci\u00f3n. La idea es que, aunque deje de estudiar a los 16 a\u00f1os, esa formaci\u00f3n le ayude para que en otros momentos de su vida pueda seguir estudiando o recuperar el circuito de la comunicaci\u00f3n. Por ello, apost\u00f3 por introducir asignaturas telem\u00e1ticas y ofertarlas en el apartado de las optativas.<\/p><\/blockquote>\n<p>\u00bfSeguir\u00e1n el ejemplo otras comunidades aut\u00f3nomas?<\/p>\n<p><!--adsense--><\/p>\n","protected":false},"excerpt":{"rendered":"<p>Leo en la edici\u00f3n vasca del diario El Pais un reportaje titulado En el colegio, pero &#8216;on line&#8217; Nos cuentan que medio centenar de colegios vascos de las redes p\u00fablica y concertada imparten este curso cinco asignaturas de primero y segundo de Secundaria on line, exclusivamente a trav\u00e9s de Internet. Se trata de un ambicioso [&hellip;]<\/p>\n","protected":false},"author":1,"featured_media":0,"comment_status":"open","ping_status":"open","sticky":false,"template":"","format":"standard","meta":{"footnotes":""},"categories":[17,18],"tags":[],"class_list":["post-1268","post","type-post","status-publish","format-standard","hentry","category-articulos","category-tic"],"_links":{"self":[{"href":"http:\/\/aula21.net\/aulablog21\/wp-json\/wp\/v2\/posts\/1268","targetHints":{"allow":["GET"]}}],"collection":[{"href":"http:\/\/aula21.net\/aulablog21\/wp-json\/wp\/v2\/posts"}],"about":[{"href":"http:\/\/aula21.net\/aulablog21\/wp-json\/wp\/v2\/types\/post"}],"author":[{"embeddable":true,"href":"http:\/\/aula21.net\/aulablog21\/wp-json\/wp\/v2\/users\/1"}],"replies":[{"embeddable":true,"href":"http:\/\/aula21.net\/aulablog21\/wp-json\/wp\/v2\/comments?post=1268"}],"version-history":[{"count":0,"href":"http:\/\/aula21.net\/aulablog21\/wp-json\/wp\/v2\/posts\/1268\/revisions"}],"wp:attachment":[{"href":"http:\/\/aula21.net\/aulablog21\/wp-json\/wp\/v2\/media?parent=1268"}],"wp:term":[{"taxonomy":"category","embeddable":true,"href":"http:\/\/aula21.net\/aulablog21\/wp-json\/wp\/v2\/categories?post=1268"},{"taxonomy":"post_tag","embeddable":true,"href":"http:\/\/aula21.net\/aulablog21\/wp-json\/wp\/v2\/tags?post=1268"}],"curies":[{"name":"wp","href":"https:\/\/api.w.org\/{rel}","templated":true}]}}