{"id":1274,"date":"2007-03-08T19:38:39","date_gmt":"2007-03-08T18:38:39","guid":{"rendered":"http:\/\/www.aula21.net\/aulablog21\/archives\/2007\/03\/08\/video-de-una-conferencia-de-jose-antonio-marina-en-bilbao\/"},"modified":"2007-03-08T19:44:16","modified_gmt":"2007-03-08T18:44:16","slug":"video-de-una-conferencia-de-jose-antonio-marina-en-bilbao","status":"publish","type":"post","link":"http:\/\/aula21.net\/aulablog21\/archives\/2007\/03\/08\/video-de-una-conferencia-de-jose-antonio-marina-en-bilbao\/","title":{"rendered":"Video de una conferencia de Jose Antonio Marina en Bilbao"},"content":{"rendered":"<p><a href=\"http:\/\/www.google.es\/url?sa=t&#038;ct=res&#038;cd=1&#038;url=http%3A%2F%2Fwww.joseantoniomarina.net%2F&#038;ei=rlbwRab5GY280QTv5b2RBA&#038;usg=__v_DDQ4aEX4d3WLxbWUPdxdQTwos=&#038;sig2=XCEPMvpfcNNQ8aTUlo0MJw\">Jose Antonio Marina<\/a> es un c\u00e9lebre profesor de Educaci\u00f3n Secundaria, escritor y magn\u00edfico conferenciante.<br \/>\nCasualmente he encontrado este video con la conferencia completa que imparti\u00f3 sobre la educacion y el bachillerato, en las I jornadas de Bachillerato celebradas en Bilbao el 17 de Noviembre del 2006.<\/p>\n<p>Su labor investigadora se ha centrado en el estudio de la inteligencia y el pensamiento divergente, en especial de los mecanismos de la creatividad art\u00edstica (en el \u00e1rea del lenguaje sobre todo), cient\u00edfica, tecnol\u00f3gica y econ\u00f3mica.<br \/>\nCreo que merece la pena escucharlo y divulgar su pensamiento, dura 1hora y 18 minutos.<\/p>\n<p><object width=\"425\" height=\"350\"><param name=\"movie\" value=\"http:\/\/tu.tv\/tutvweb.swf?kpt=L3ZpZGVvc2NvZGkvai9vL0pvc2VBbnRvbmlvTWFyaW5hLmZsdg==&#038;xtp=1841\"><\/param><param name=\"wmode\" value=\"transparent\"><\/param><embed src=\"http:\/\/tu.tv\/tutvweb.swf?kpt=L3ZpZGVvc2NvZGkvai9vL0pvc2VBbnRvbmlvTWFyaW5hLmZsdg==&#038;xtp=1841\" type=\"application\/x-shockwave-flash\" wmode=\"transparent\" width=\"425\" height=\"350\"><\/embed><\/object><br \/><a href=\"http:\/\/www.tu.tv\"><img decoding=\"async\" src=\"http:\/\/www.tu.tv\/img\/tranparente.gif\" alt=\"www.Tu.tv\" border=\"0\" \/><\/a><\/p>\n","protected":false},"excerpt":{"rendered":"<p>Jose Antonio Marina es un c\u00e9lebre profesor de Educaci\u00f3n Secundaria, escritor y magn\u00edfico conferenciante. Casualmente he encontrado este video con la conferencia completa que imparti\u00f3 sobre la educacion y el bachillerato, en las I jornadas de Bachillerato celebradas en Bilbao el 17 de Noviembre del 2006. Su labor investigadora se ha centrado en el estudio [&hellip;]<\/p>\n","protected":false},"author":1,"featured_media":0,"comment_status":"open","ping_status":"open","sticky":false,"template":"","format":"standard","meta":{"footnotes":""},"categories":[19,20],"tags":[],"class_list":["post-1274","post","type-post","status-publish","format-standard","hentry","category-educacion","category-video"],"_links":{"self":[{"href":"http:\/\/aula21.net\/aulablog21\/wp-json\/wp\/v2\/posts\/1274","targetHints":{"allow":["GET"]}}],"collection":[{"href":"http:\/\/aula21.net\/aulablog21\/wp-json\/wp\/v2\/posts"}],"about":[{"href":"http:\/\/aula21.net\/aulablog21\/wp-json\/wp\/v2\/types\/post"}],"author":[{"embeddable":true,"href":"http:\/\/aula21.net\/aulablog21\/wp-json\/wp\/v2\/users\/1"}],"replies":[{"embeddable":true,"href":"http:\/\/aula21.net\/aulablog21\/wp-json\/wp\/v2\/comments?post=1274"}],"version-history":[{"count":0,"href":"http:\/\/aula21.net\/aulablog21\/wp-json\/wp\/v2\/posts\/1274\/revisions"}],"wp:attachment":[{"href":"http:\/\/aula21.net\/aulablog21\/wp-json\/wp\/v2\/media?parent=1274"}],"wp:term":[{"taxonomy":"category","embeddable":true,"href":"http:\/\/aula21.net\/aulablog21\/wp-json\/wp\/v2\/categories?post=1274"},{"taxonomy":"post_tag","embeddable":true,"href":"http:\/\/aula21.net\/aulablog21\/wp-json\/wp\/v2\/tags?post=1274"}],"curies":[{"name":"wp","href":"https:\/\/api.w.org\/{rel}","templated":true}]}}