{"id":1282,"date":"2007-03-14T19:23:21","date_gmt":"2007-03-14T18:23:21","guid":{"rendered":"http:\/\/www.aula21.net\/aulablog21\/archives\/2007\/03\/14\/nace-skooles-nuevo-portal-de-contenidos-educativos-digitales-de-secundaria\/"},"modified":"2007-03-14T19:51:52","modified_gmt":"2007-03-14T18:51:52","slug":"nace-skooles-nuevo-portal-de-contenidos-educativos-digitales-de-secundaria","status":"publish","type":"post","link":"http:\/\/aula21.net\/aulablog21\/archives\/2007\/03\/14\/nace-skooles-nuevo-portal-de-contenidos-educativos-digitales-de-secundaria\/","title":{"rendered":"Nace Skool.es nuevo portal de contenidos educativos digitales de Secundaria"},"content":{"rendered":"<p><img decoding=\"async\" src=\"http:\/\/www.skoool.es\/images\/hp\/topbar1_skoool.gif\" alt=\"skool\" \/><br \/>\nHa nacido <a href=\"http:\/\/www.skoool.es\/\">un nuevo portal de contenidos digitales educativos<\/a> para la ense\u00f1anza no universitaria denominado <a href=\"http:\/\/www.skoool.es\/\">Skool.es<\/a>.<br \/>\nHa sido creado por <a href=\"http:\/\/www.fundaciongsr.es\/\"> La Fundaci\u00f3n Germ\u00e1n S\u00e1nchez Ruip\u00e9rez<\/a>, en colaboraci\u00f3n con <a href=\"http:\/\/www.intel.com\/education\/\">Intel Corporation.<\/a><br \/>\nEste portal proporciona a los estudiantes y a los profesores todo lo que necesitan para ayudarles a asimilar el contenido de las asignaturas de ciencias y matem\u00e1ticas de los ciclos 1 y 2 de secundaria.<br \/>\nEn un futuro las lecciones podr\u00e1n ser descargadas a tu PC, m\u00f3vil o PDA.<br \/>\nLas lecciones tienen muy buena pinta, estupendas animaciones en flash,videos y tests, todo ello explicado por una amable voz femenina.<br \/>\nHay distintas secciones dirigidas a padres, alumnos y profesores.<br \/>\n<a href=\"http:\/\/www.skoool.com\/\">Skool est\u00e1 disponible en varios idiomas<\/a> lo cual puede ser de gran utilidad para profesores de Ciencias y Matem\u00e1ticas que impartan clases en centros biling\u00fces.<br \/>\nLas lecciones aparecen en una ventana emergente, veamos si soy capaz de <a href=\"http:\/\/www.skoool.es\/content\/ks4\/biology\/digestion\/digestion_part_1\/launch.html\">encontrar la ruta y \u00abembeber\u00bb una en el blog&#8230;<\/a><\/p>\n<p>V\u00eda <a href=\"http:\/\/www.ecuaderno.com\">ecuaderno<\/a><\/p>\n","protected":false},"excerpt":{"rendered":"<p>Ha nacido un nuevo portal de contenidos digitales educativos para la ense\u00f1anza no universitaria denominado Skool.es. Ha sido creado por La Fundaci\u00f3n Germ\u00e1n S\u00e1nchez Ruip\u00e9rez, en colaboraci\u00f3n con Intel Corporation. Este portal proporciona a los estudiantes y a los profesores todo lo que necesitan para ayudarles a asimilar el contenido de las asignaturas de ciencias [&hellip;]<\/p>\n","protected":false},"author":1,"featured_media":0,"comment_status":"open","ping_status":"open","sticky":false,"template":"","format":"standard","meta":{"footnotes":""},"categories":[8],"tags":[],"class_list":["post-1282","post","type-post","status-publish","format-standard","hentry","category-educacion_e_internet"],"_links":{"self":[{"href":"http:\/\/aula21.net\/aulablog21\/wp-json\/wp\/v2\/posts\/1282","targetHints":{"allow":["GET"]}}],"collection":[{"href":"http:\/\/aula21.net\/aulablog21\/wp-json\/wp\/v2\/posts"}],"about":[{"href":"http:\/\/aula21.net\/aulablog21\/wp-json\/wp\/v2\/types\/post"}],"author":[{"embeddable":true,"href":"http:\/\/aula21.net\/aulablog21\/wp-json\/wp\/v2\/users\/1"}],"replies":[{"embeddable":true,"href":"http:\/\/aula21.net\/aulablog21\/wp-json\/wp\/v2\/comments?post=1282"}],"version-history":[{"count":0,"href":"http:\/\/aula21.net\/aulablog21\/wp-json\/wp\/v2\/posts\/1282\/revisions"}],"wp:attachment":[{"href":"http:\/\/aula21.net\/aulablog21\/wp-json\/wp\/v2\/media?parent=1282"}],"wp:term":[{"taxonomy":"category","embeddable":true,"href":"http:\/\/aula21.net\/aulablog21\/wp-json\/wp\/v2\/categories?post=1282"},{"taxonomy":"post_tag","embeddable":true,"href":"http:\/\/aula21.net\/aulablog21\/wp-json\/wp\/v2\/tags?post=1282"}],"curies":[{"name":"wp","href":"https:\/\/api.w.org\/{rel}","templated":true}]}}