{"id":1285,"date":"2007-03-22T19:17:07","date_gmt":"2007-03-22T18:17:07","guid":{"rendered":"http:\/\/www.aula21.net\/aulablog21\/archives\/2007\/03\/22\/adios-al-cero-zapatero\/"},"modified":"2007-03-22T22:10:38","modified_gmt":"2007-03-22T21:10:38","slug":"adios-al-cero-zapatero","status":"publish","type":"post","link":"http:\/\/aula21.net\/aulablog21\/archives\/2007\/03\/22\/adios-al-cero-zapatero\/","title":{"rendered":"Adios al cero Zapatero"},"content":{"rendered":"<p>El se\u00f1or Zapatero y compa\u00f1\u00eda ha decidido <a href=\"http:\/\/www.elmundo.es\/suplementos\/cronica\/2007\/594\/1174172411.html\">decir adi\u00f3s al \u00abcero patatero\u00bb de toda la vida<\/a> en las calificaciones de los estudiantes, \u00bfser\u00e1 porque cero rima con el apellido del presidente?<br \/>\nLo cierto es que ya no podremos decir a un alumno \u00abni\u00f1o te callas o te pongo un cero\u00bb y yo me niego a decirle lo mismo cambiando donde dice cero por el uno eso lo tengo muy claro.<br \/>\nExamen en blanco, uno al canto y as\u00ed podr\u00edamos seguir con lo bonito y redondo que es un cero.<br \/>\n\u00bfLo habr\u00e1n hecho con vistas a que muchos pol\u00edticos logren alcanzar el ansiado 5 en la valoraci\u00f3n que los ciudadanos hacen de ellos?<br \/>\nYo si fuera alumno har\u00eda huelga pues si te ponen un 0 significa simplemente que no has estudiado nada pero que te pongan un 1 me parece que es una humillaci\u00f3n. Ya no nos dejan ni sacar un cero, \u00bfd\u00f3nde vamos a llegar?<br \/>\n\u00bfTendr\u00e1 en mente la Ministra de Educaci\u00f3n eliminar el fracaso escolar si su partido contin\u00faa 4 a\u00f1os m\u00e1s en el poder eliminando progresivamente el 1,2,3 y el 4?<br \/>\nDe ese modo podr\u00eda llegar el ansiado d\u00eda en el que todos los padres veremos como m\u00ednimo un 5 de nota media en el bolet\u00edn de nuestros hijos \u00a1 qu\u00e9 alegr\u00eda, qu\u00e9 alboroto !<br \/>\nMucho mejor que yo escribe sobre el tema<a href=\"http:\/\/www.unilibro.es\/find_buy_es\/result_scrittori.asp?scrittore=Gal%E1n+Rodr%EDguez%2C+M.+Pilar&#038;idaff=0\"> Pilar Gal\u00e1n Rodr\u00edguez<\/a>, extraordinaria profesora y escritora extreme\u00f1a en <a href=\"http:\/\/www.elperiodicoextremadura.com\/noticias\/noticia.asp?pkid=292921\">el art\u00edculo publicado en el Peri\u00f3dico Extremadura<\/a><\/p>\n<blockquote><p>Mucho estaba durando el cero en este mundo que empieza siempre la casa por el tejado. Pobre. Tan gordito. Tan pol\u00edticamente incorrecto con su obesidad redonda. D\u00f3nde va a parar al lado de ese uno tan esbelto.<\/p>\n<p>Eliminemos el cero. De todos es sabido que al eliminar la marca del suspenso, eliminaremos tambi\u00e9n la causa de este. Ya no habr\u00e1 m\u00e1s roscos, cerapios, oes de boca abierta que consigan lo mismo de los padres. Ahora los boletines estar\u00e1n llenos de unos airosos como soldaditos haciendo la instrucci\u00f3n.<\/p>\n<p>Un palote a cambio de no saber hacer la o con un canuto (cero al fin y al cabo). Un uno a cambio de nada. El \u00fanico problema es qu\u00e9 pasar\u00e1 cuando el uno, se convierta tambi\u00e9n en la marca del proscrito. Nada, nada, sin problemas, los boletines se llenar\u00e1n de doses, y luego de treses, y hasta de dieces, que no son m\u00e1s que unos y ceros en comandita. Alteremos los valores de los n\u00fameros pero no los corazones de los alumnos.<\/p>\n<p>Como siempre, estas cabecitas pensantes del sistema educativo, que no han dado una clase desde que se jubil\u00f3 Plat\u00f3n en la Academia, creen que el nombre es la cosa nombrada. Y que primero va el efecto y luego la causa. Dej\u00e9monos de enredar tanto y a ver si se dedican a pensar por qu\u00e9 hay tantos unos o ceros, como quiera que vayan a llamarse ahora. Por qu\u00e9 un alumno no abre nunca el libro, por qu\u00e9 prefiere estar hasta los diecis\u00e9is mirando por la ventana. Mientras no solucionen esto, qu\u00e9 m\u00e1s da lo que pongamos. Lo otro no es m\u00e1s que dar vueltas de burro en la noria, vueltas redondas e in\u00fatiles, como el tiempo de los griegos, circular, cerrado y antiguo. Como el cero. Patatero. Y a mucha honra. <\/p><\/blockquote>\n","protected":false},"excerpt":{"rendered":"<p>El se\u00f1or Zapatero y compa\u00f1\u00eda ha decidido decir adi\u00f3s al \u00abcero patatero\u00bb de toda la vida en las calificaciones de los estudiantes, \u00bfser\u00e1 porque cero rima con el apellido del presidente? Lo cierto es que ya no podremos decir a un alumno \u00abni\u00f1o te callas o te pongo un cero\u00bb y yo me niego a [&hellip;]<\/p>\n","protected":false},"author":1,"featured_media":0,"comment_status":"open","ping_status":"open","sticky":false,"template":"","format":"standard","meta":{"footnotes":""},"categories":[17,19],"tags":[],"class_list":["post-1285","post","type-post","status-publish","format-standard","hentry","category-articulos","category-educacion"],"_links":{"self":[{"href":"http:\/\/aula21.net\/aulablog21\/wp-json\/wp\/v2\/posts\/1285","targetHints":{"allow":["GET"]}}],"collection":[{"href":"http:\/\/aula21.net\/aulablog21\/wp-json\/wp\/v2\/posts"}],"about":[{"href":"http:\/\/aula21.net\/aulablog21\/wp-json\/wp\/v2\/types\/post"}],"author":[{"embeddable":true,"href":"http:\/\/aula21.net\/aulablog21\/wp-json\/wp\/v2\/users\/1"}],"replies":[{"embeddable":true,"href":"http:\/\/aula21.net\/aulablog21\/wp-json\/wp\/v2\/comments?post=1285"}],"version-history":[{"count":0,"href":"http:\/\/aula21.net\/aulablog21\/wp-json\/wp\/v2\/posts\/1285\/revisions"}],"wp:attachment":[{"href":"http:\/\/aula21.net\/aulablog21\/wp-json\/wp\/v2\/media?parent=1285"}],"wp:term":[{"taxonomy":"category","embeddable":true,"href":"http:\/\/aula21.net\/aulablog21\/wp-json\/wp\/v2\/categories?post=1285"},{"taxonomy":"post_tag","embeddable":true,"href":"http:\/\/aula21.net\/aulablog21\/wp-json\/wp\/v2\/tags?post=1285"}],"curies":[{"name":"wp","href":"https:\/\/api.w.org\/{rel}","templated":true}]}}