{"id":1286,"date":"2007-03-23T17:31:21","date_gmt":"2007-03-23T16:31:21","guid":{"rendered":"http:\/\/www.aula21.net\/aulablog21\/archives\/2007\/03\/23\/wiki-de-5lineascom-acerca-de-la-web-educativa-20-y-algunos-wikis-mas\/"},"modified":"2007-03-23T21:18:33","modified_gmt":"2007-03-23T20:18:33","slug":"wiki-de-5lineascom-acerca-de-la-web-educativa-20-y-algunos-wikis-mas","status":"publish","type":"post","link":"http:\/\/aula21.net\/aulablog21\/archives\/2007\/03\/23\/wiki-de-5lineascom-acerca-de-la-web-educativa-20-y-algunos-wikis-mas\/","title":{"rendered":"Wiki de 5lineas.com acerca de la web educativa 2.0 y algunos wikis m\u00e1s&#8230;"},"content":{"rendered":"<p>Hace unas semanas <a href=\"http:\/\/www.aula21.net\/aulablog21\/archives\/2007\/03\/04\/herramientas-colaborativas-web-20-en-educacion\/\">me hice eco<\/a> de la magn\u00edfica selecci\u00f3n de recursos propios y ajenos que <a href=\"http:\/\/5lineas.com\/\">Daniel Primo<\/a> hab\u00eda elaborado para un curso titulado \u00abHerramientas colaborativas en educaci\u00f3n: Web2.0\u00bb organizado por el <a href=\"http:\/\/centros5.pntic.mec.es\/cpr.de.medina.de.rioseco\/\">CFIE de Medina de Rioseco (Valladolid)<\/a> durante Febrero-Marzo de 2007<br \/>\nHoy me escribe comunic\u00e1ndome que <a href=\"http:\/\/5lineas.com\/archivo\/internet-web20\/wiki-y-materiales-del-curso-de-herramientas-colaborativas\/\">ha hecho algunas modificaciones y publicado nuevos contenidos<\/a>,  podemos verlos  en un nuevo wiki que ha abierto en su servidor.<br \/>\nSe trata de <a href=\"http:\/\/wiki.5lineas.com\/herramientas_colaborativas_en_educacion_web2.0\">5l\u00edenasWiki <\/a>un nuevo y prometedor wiki <a href=\"http:\/\/aulablog21.wikispaces.com\/EduWikis\">que paso a enlazar en mi colecci\u00f3n.<\/a> Podemos descargarnos magn\u00edficos manuales y presentaciones en distintos formatos, enhorabuena de nuevo a Daniel por su trabajo.<br \/>\nLos wikis relacionado con la Web 2.0, (educativa o no) que llevo seleccionados son:<\/p>\n<p><a class=\"wiki_link\" href=\"http:\/\/5lineas.wikispaces.com\/home\"><br \/>\n<\/a><a href=\"http:\/\/wiki.5lineas.com\/herramientas_colaborativas_en_educacion_web2.0\"> <\/a><\/p>\n<ul>\n<li>Wiki de DigiZen <a rel=\"nofollow\" class=\"wiki_link_ext\" href=\"http:\/\/nunez.wiki.zoho.com\/\">http:\/\/nunez.wiki.zoho.com\/<\/a> Se incluyen aqu\u00ed varios de los manuales desarrollados en <a rel=\"nofollow\" class=\"wiki_link_ext\" href=\"http:\/\/www.vidadigital.net\/blog\">DigiZen<\/a>. Absolutamente imprescindible.<\/li>\n<li><a class=\"wiki_link\" href=\"http:\/\/isidrovidal.wikispaces.com\/home\">Wiki de Isidro Vidal<\/a> mucha informaci\u00f3n sobre blogs y la web 2.0 educativa.<\/li>\n<li><a class=\"wiki_link\" href=\"http:\/\/wikiseducatius.wikispaces.com\/home\">Wiki de Lourdes Domenech para dar un curso de formaci\u00f3n en TIC<\/a><\/li>\n<li><a class=\"wiki_link\" href=\"http:\/\/ticlenguas.wikispaces.com\/Inicio\">Wiki de Felipe Zayas<\/a> de apoyo al Curso <em>Integraci\u00f3 de les TIC en l&#8217;ensenyament de les lleng\u00fces<\/em><\/li>\n<li>Wiki de Ju\u00e1n Freire acerca de la Web 2.0 en Espa\u00f1a <a class=\"wiki_link\" href=\"http:\/\/doscero.wikispaces.com\/home\">http:\/\/doscero.wikispaces.com\/<\/a><\/li>\n<li>El Tigre ha decidido abrir <a class=\"wiki_link\" href=\"http:\/\/escribirenlosblogs.wikispaces.com\/home\">un wiki en wikispaces \u201cEscribir en los blogs\u201d<\/a> dada la gran acogida de su art\u00edculo <a rel=\"nofollow\" class=\"wiki_link_ext\" href=\"http:\/\/www.labitacoradeltigre.com\/2006\/12\/02\/ortografia-y-expresion-escrita-en-los-blogs-educativos\/\">\u201cOrtograf\u00eda y expresi\u00f3n escrita en los blogs educativos\u201d<\/a><\/li>\n<li><a rel=\"nofollow\" class=\"wiki_link_ext\" href=\"http:\/\/www.adelat.org\/wiki\/index.php\/Portada\">Wiki de Anibal de la Torre<\/a> de la Web educativa 2.0<\/li>\n<li><a rel=\"nofollow\" class=\"wiki_link_ext\" href=\"http:\/\/unileon.pbwiki.com\/\">Wiki del curso de verano sobre web 2.0<\/a> celebrado en Julio de 2006 en la Universidad de Le\u00f3n.<\/li>\n<li>Aprendices <a class=\"wiki_link\" href=\"http:\/\/aprendices.wikispaces.com\/home\">http:\/\/aprendices.wikispaces.com\/<\/a> un lugar de encuentro para aprender en torno a los blogs.<\/li>\n<li>Wiki creado por <a rel=\"nofollow\" class=\"wiki_link_ext\" href=\"http:\/\/www.itais.net\/\">Jos\u00e9 Luis Redrejo<\/a> para impartir un curso acerca de las <a class=\"wiki_link\" href=\"http:\/\/cursoweb2.wikispaces.com\/home\">Herramientas de la web 2.0<\/a><\/li>\n<li>Wiki para impartir un curso del CEP de Motril <a class=\"wiki_link\" href=\"http:\/\/cursotic.wikispaces.com\/home\">http:\/\/cursotic.wikispaces.com\/<\/a><\/li>\n<li>Curso Tic en Jerez <a class=\"wiki_link\" href=\"http:\/\/recursosticjerez.wikispaces.com\/home\">http:\/\/recursosticjerez.wikispaces.com\/.<\/a><\/li>\n<li>Los wikis elaborado por los alumnos del curso de J\u00e9rezs podemos verlos enlazados <a class=\"wiki_link\" href=\"http:\/\/recursosticjerez.wikispaces.com\/nuestraswikis00\">en esta p\u00e1gina.<\/a><\/li>\n<li><a class=\"wiki_link\" href=\"http:\/\/edublogki.wikispaces.com\/home\">Edublogki.<\/a> Wiki creado por Lourdes Barroso para impartir un curso de blogs y otras herramientas de la web 2.0.<\/li>\n<li>Wiki del curso del CAP impartido por Felipe Zayas <a class=\"wiki_link\" href=\"http:\/\/cap2006-2007.wikispaces.com\/home\">http:\/\/cap2006-2007.wikispaces.com\/<\/a><\/li>\n<li><a class=\"wiki_link\" href=\"http:\/\/acacias.wikispaces.com\/home\">Acacias en wikispaces<\/a>. Wiki del <a rel=\"nofollow\" class=\"wiki_link_ext\" href=\"http:\/\/www.educa.madrid.org\/web\/crif.acacias\/\">Centro Regional de Innovaci\u00f3n y Formaci\u00f3n (CRIF) Las Acacias<\/a>.<\/li>\n<li><a href=\"http:\/\/mijarosoft.wikispaces.com\/\">Wiki de Mijarosoft<\/a>, un sitio para conocer nuevos blogs, dejar sugerencias, videos interactivos orientados a la Web 2.0, preguntas frecuentes (FAQs), extraidas de los resumenes que hace cada lunes en su blog <a rel=\"nofollow\" class=\"wiki_link_ext\" href=\"http:\/\/www.viadescape.com\/laignoranciamata\">La Ignorancia Mata<\/a><\/li>\n<li><a class=\"wiki_link\" href=\"http:\/\/5lineas.wikispaces.com\/home\">http:\/\/5lineas.wikispaces.com\/<\/a> Wiki de Daniel Primo para un curso sobre la Web Educativa 2.0. su nueva direcci\u00f3n es <a href=\"http:\/\/wiki.5lineas.com\/herramientas_colaborativas_en_educacion_web2.0\">5l\u00edneasWiki<\/a><\/li>\n<\/ul>\n<p>Si conoces alguno que no haya sido rese\u00f1ado comun\u00edcamelo en los comentarios please.<\/p>\n","protected":false},"excerpt":{"rendered":"<p>Hace unas semanas me hice eco de la magn\u00edfica selecci\u00f3n de recursos propios y ajenos que Daniel Primo hab\u00eda elaborado para un curso titulado \u00abHerramientas colaborativas en educaci\u00f3n: Web2.0\u00bb organizado por el CFIE de Medina de Rioseco (Valladolid) durante Febrero-Marzo de 2007 Hoy me escribe comunic\u00e1ndome que ha hecho algunas modificaciones y publicado nuevos contenidos, [&hellip;]<\/p>\n","protected":false},"author":1,"featured_media":0,"comment_status":"open","ping_status":"open","sticky":false,"template":"","format":"standard","meta":{"footnotes":""},"categories":[14,3,16],"tags":[],"class_list":["post-1286","post","type-post","status-publish","format-standard","hentry","category-recursos-variados","category-weblogs_herramientas_trucos_etc","category-wikis"],"_links":{"self":[{"href":"http:\/\/aula21.net\/aulablog21\/wp-json\/wp\/v2\/posts\/1286","targetHints":{"allow":["GET"]}}],"collection":[{"href":"http:\/\/aula21.net\/aulablog21\/wp-json\/wp\/v2\/posts"}],"about":[{"href":"http:\/\/aula21.net\/aulablog21\/wp-json\/wp\/v2\/types\/post"}],"author":[{"embeddable":true,"href":"http:\/\/aula21.net\/aulablog21\/wp-json\/wp\/v2\/users\/1"}],"replies":[{"embeddable":true,"href":"http:\/\/aula21.net\/aulablog21\/wp-json\/wp\/v2\/comments?post=1286"}],"version-history":[{"count":0,"href":"http:\/\/aula21.net\/aulablog21\/wp-json\/wp\/v2\/posts\/1286\/revisions"}],"wp:attachment":[{"href":"http:\/\/aula21.net\/aulablog21\/wp-json\/wp\/v2\/media?parent=1286"}],"wp:term":[{"taxonomy":"category","embeddable":true,"href":"http:\/\/aula21.net\/aulablog21\/wp-json\/wp\/v2\/categories?post=1286"},{"taxonomy":"post_tag","embeddable":true,"href":"http:\/\/aula21.net\/aulablog21\/wp-json\/wp\/v2\/tags?post=1286"}],"curies":[{"name":"wp","href":"https:\/\/api.w.org\/{rel}","templated":true}]}}