{"id":1290,"date":"2007-03-24T13:41:39","date_gmt":"2007-03-24T12:41:39","guid":{"rendered":"http:\/\/www.aula21.net\/aulablog21\/archives\/2007\/03\/24\/aviso-de-la-dg-de-formacion-profesional-y-aprendizaje-permanente\/"},"modified":"2007-03-24T13:49:49","modified_gmt":"2007-03-24T12:49:49","slug":"aviso-de-la-dg-de-formacion-profesional-y-aprendizaje-permanente","status":"publish","type":"post","link":"http:\/\/aula21.net\/aulablog21\/archives\/2007\/03\/24\/aviso-de-la-dg-de-formacion-profesional-y-aprendizaje-permanente\/","title":{"rendered":"Aviso de la la D.G. de Formaci\u00f3n Profesional"},"content":{"rendered":"<p>AVISO de la D.G. de FORMACI\u00d3N PROFESIONAL y APRENDIZAJE PERMANENTE<\/p>\n<p>\u00abLa Consejer\u00eda de Educaci\u00f3n de la Junta de Extremadura tiene previsto unificar los procedimientos de admisi\u00f3n y matriculaci\u00f3n en Formaci\u00f3n Profesional para el curso 2007\/2008. Se regular\u00e1 mediante una norma expresa, la admisi\u00f3n y matriculaci\u00f3n del alumnado en los ciclos formativos de grado medio y superior en centros sostenidos con fondos p\u00fablicos en la modalidad presencial, as\u00ed como la oferta a distancia semipresencial y de teleformaci\u00f3n a trav\u00e9s del proyecto @vanza. Los periodos de preinscripci\u00f3n y matr\u00edcula para la modalidad presencial comenzar\u00e1n previsiblemente a finales del mes de junio. Por tanto este a\u00f1o la admisi\u00f3n para los ciclos formativos de grado medio, no coincidir\u00e1 con secundaria obligatoria y bachillerato.\u00bb<\/p>\n<p>La Orden de 12 de marzo de 2007 por la que se regula el proceso de admisi\u00f3n del alumnado de Educaci\u00f3n Infantil, Primaria, Secundaria Obligatoria y Bachillerato en centros sostenidos con fondos p\u00fablicos para el curso escolar 2007-2008 podemos descargarla <a href=\"http:\/\/www.edu.juntaex.es\/dgcyee\/normativa\/pdf\/O_adm07.pdf\">en este enlace<\/a>.<br \/>\nAsimismo puede ser de inter\u00e9s el Decreto 42\/2007, de 6 de marzo, por el que se regula la admisi\u00f3n del alumnado en los Centros Docentes P\u00fablicos y Privados Concertados en la Comunidad Aut\u00f3noma de Extremadura. <a href=\"http:\/\/www.edu.juntaex.es\/dgcyee\/normativa\/pdf\/D_adm07.pdf\">>><\/a><\/p>\n","protected":false},"excerpt":{"rendered":"<p>AVISO de la D.G. de FORMACI\u00d3N PROFESIONAL y APRENDIZAJE PERMANENTE \u00abLa Consejer\u00eda de Educaci\u00f3n de la Junta de Extremadura tiene previsto unificar los procedimientos de admisi\u00f3n y matriculaci\u00f3n en Formaci\u00f3n Profesional para el curso 2007\/2008. Se regular\u00e1 mediante una norma expresa, la admisi\u00f3n y matriculaci\u00f3n del alumnado en los ciclos formativos de grado medio y [&hellip;]<\/p>\n","protected":false},"author":1,"featured_media":0,"comment_status":"open","ping_status":"open","sticky":false,"template":"","format":"standard","meta":{"footnotes":""},"categories":[8],"tags":[],"class_list":["post-1290","post","type-post","status-publish","format-standard","hentry","category-educacion_e_internet"],"_links":{"self":[{"href":"http:\/\/aula21.net\/aulablog21\/wp-json\/wp\/v2\/posts\/1290","targetHints":{"allow":["GET"]}}],"collection":[{"href":"http:\/\/aula21.net\/aulablog21\/wp-json\/wp\/v2\/posts"}],"about":[{"href":"http:\/\/aula21.net\/aulablog21\/wp-json\/wp\/v2\/types\/post"}],"author":[{"embeddable":true,"href":"http:\/\/aula21.net\/aulablog21\/wp-json\/wp\/v2\/users\/1"}],"replies":[{"embeddable":true,"href":"http:\/\/aula21.net\/aulablog21\/wp-json\/wp\/v2\/comments?post=1290"}],"version-history":[{"count":0,"href":"http:\/\/aula21.net\/aulablog21\/wp-json\/wp\/v2\/posts\/1290\/revisions"}],"wp:attachment":[{"href":"http:\/\/aula21.net\/aulablog21\/wp-json\/wp\/v2\/media?parent=1290"}],"wp:term":[{"taxonomy":"category","embeddable":true,"href":"http:\/\/aula21.net\/aulablog21\/wp-json\/wp\/v2\/categories?post=1290"},{"taxonomy":"post_tag","embeddable":true,"href":"http:\/\/aula21.net\/aulablog21\/wp-json\/wp\/v2\/tags?post=1290"}],"curies":[{"name":"wp","href":"https:\/\/api.w.org\/{rel}","templated":true}]}}