{"id":1294,"date":"2007-03-30T11:44:47","date_gmt":"2007-03-30T10:44:47","guid":{"rendered":"http:\/\/www.aula21.net\/aulablog21\/archives\/2007\/03\/30\/propuesta-de-organizacion-y-horario-de-la-eso-en-extremadura\/"},"modified":"2007-04-01T13:37:41","modified_gmt":"2007-04-01T12:37:41","slug":"propuesta-de-organizacion-y-horario-de-la-eso-en-extremadura","status":"publish","type":"post","link":"http:\/\/aula21.net\/aulablog21\/archives\/2007\/03\/30\/propuesta-de-organizacion-y-horario-de-la-eso-en-extremadura\/","title":{"rendered":"Propuesta de Organizaci\u00f3n y Horario de la ESO en Extremadura"},"content":{"rendered":"<p>Hoy ha publicado la Junta de Extremadura la propuesta de organizaci\u00f3n de las ense\u00f1anzas en la ESO.<\/p>\n<p><a href=\"http:\/\/www.juntaex.es\/consejerias\/edu\/curriculares\/doc\/eso\/Prop_org_ESO.pdf\">Descargar documento en pdf de 8 p\u00e1ginas<\/a><\/p>\n","protected":false},"excerpt":{"rendered":"<p>Hoy ha publicado la Junta de Extremadura la propuesta de organizaci\u00f3n de las ense\u00f1anzas en la ESO. Descargar documento en pdf de 8 p\u00e1ginas<\/p>\n","protected":false},"author":1,"featured_media":0,"comment_status":"open","ping_status":"open","sticky":false,"template":"","format":"standard","meta":{"footnotes":""},"categories":[8],"tags":[],"class_list":["post-1294","post","type-post","status-publish","format-standard","hentry","category-educacion_e_internet"],"_links":{"self":[{"href":"http:\/\/aula21.net\/aulablog21\/wp-json\/wp\/v2\/posts\/1294","targetHints":{"allow":["GET"]}}],"collection":[{"href":"http:\/\/aula21.net\/aulablog21\/wp-json\/wp\/v2\/posts"}],"about":[{"href":"http:\/\/aula21.net\/aulablog21\/wp-json\/wp\/v2\/types\/post"}],"author":[{"embeddable":true,"href":"http:\/\/aula21.net\/aulablog21\/wp-json\/wp\/v2\/users\/1"}],"replies":[{"embeddable":true,"href":"http:\/\/aula21.net\/aulablog21\/wp-json\/wp\/v2\/comments?post=1294"}],"version-history":[{"count":0,"href":"http:\/\/aula21.net\/aulablog21\/wp-json\/wp\/v2\/posts\/1294\/revisions"}],"wp:attachment":[{"href":"http:\/\/aula21.net\/aulablog21\/wp-json\/wp\/v2\/media?parent=1294"}],"wp:term":[{"taxonomy":"category","embeddable":true,"href":"http:\/\/aula21.net\/aulablog21\/wp-json\/wp\/v2\/categories?post=1294"},{"taxonomy":"post_tag","embeddable":true,"href":"http:\/\/aula21.net\/aulablog21\/wp-json\/wp\/v2\/tags?post=1294"}],"curies":[{"name":"wp","href":"https:\/\/api.w.org\/{rel}","templated":true}]}}