{"id":1302,"date":"2007-04-14T19:49:02","date_gmt":"2007-04-14T18:49:02","guid":{"rendered":"http:\/\/www.aula21.net\/aulablog21\/archives\/2007\/04\/14\/los-perjudicados-de-la-logse\/"},"modified":"2007-04-14T19:58:25","modified_gmt":"2007-04-14T18:58:25","slug":"los-perjudicados-de-la-logse","status":"publish","type":"post","link":"http:\/\/aula21.net\/aulablog21\/archives\/2007\/04\/14\/los-perjudicados-de-la-logse\/","title":{"rendered":"Los perjudicados de la Logse"},"content":{"rendered":"<p><a href=\"http:\/\/www.magisnet.com\/articulos.asp?idarticulo=2524\">Los perjudicados de la Logse<\/a> es el tiutlo de un art\u00edculo publicado en Magisnet.<\/p>\n<blockquote><p>Los \u00faltimos a\u00f1os de la aplicaci\u00f3n de Ley General de Educaci\u00f3n (1970) se han transformado, con el tiempo, en una \u00e9poca dorada para la Educaci\u00f3n espa\u00f1ola, un tiempo en que se compensaron gran parte de las diferencias hist\u00f3ricas entre comunidades aut\u00f3nomas, sin por ello frenar a aquellas que mejores resultados obten\u00edan. Son los a\u00f1os en que Espa\u00f1a redujo considerablemente las diferencias que la separaban de Europa.<br \/>\nEste panorama id\u00edlico, y que de haber permanecido nos habr\u00eda puesto muy cerca de la media de la Uni\u00f3n Europea a estas alturas de la d\u00e9cada, fue interrumpido de un a\u00f1o para otro por la aplicaci\u00f3n de la Logse. Desde entonces que empezaron a acabar la ense\u00f1anza obligatoria los alumnos que hab\u00edan estudiado en el sistema Logse, los indicadores quebraron su tendencia y no han hecho m\u00e1s que bajar.<br \/>\n.<\/p><\/blockquote>\n<p><a href=\"http:\/\/www.magisnet.com\/articulos.asp?idarticulo=2524\">Leer art\u00edculo<\/a><\/p>\n","protected":false},"excerpt":{"rendered":"<p>Los perjudicados de la Logse es el tiutlo de un art\u00edculo publicado en Magisnet. Los \u00faltimos a\u00f1os de la aplicaci\u00f3n de Ley General de Educaci\u00f3n (1970) se han transformado, con el tiempo, en una \u00e9poca dorada para la Educaci\u00f3n espa\u00f1ola, un tiempo en que se compensaron gran parte de las diferencias hist\u00f3ricas entre comunidades aut\u00f3nomas, [&hellip;]<\/p>\n","protected":false},"author":1,"featured_media":0,"comment_status":"open","ping_status":"open","sticky":false,"template":"","format":"standard","meta":{"footnotes":""},"categories":[17,19,1],"tags":[],"class_list":["post-1302","post","type-post","status-publish","format-standard","hentry","category-articulos","category-educacion","category-miscelanea"],"_links":{"self":[{"href":"http:\/\/aula21.net\/aulablog21\/wp-json\/wp\/v2\/posts\/1302","targetHints":{"allow":["GET"]}}],"collection":[{"href":"http:\/\/aula21.net\/aulablog21\/wp-json\/wp\/v2\/posts"}],"about":[{"href":"http:\/\/aula21.net\/aulablog21\/wp-json\/wp\/v2\/types\/post"}],"author":[{"embeddable":true,"href":"http:\/\/aula21.net\/aulablog21\/wp-json\/wp\/v2\/users\/1"}],"replies":[{"embeddable":true,"href":"http:\/\/aula21.net\/aulablog21\/wp-json\/wp\/v2\/comments?post=1302"}],"version-history":[{"count":0,"href":"http:\/\/aula21.net\/aulablog21\/wp-json\/wp\/v2\/posts\/1302\/revisions"}],"wp:attachment":[{"href":"http:\/\/aula21.net\/aulablog21\/wp-json\/wp\/v2\/media?parent=1302"}],"wp:term":[{"taxonomy":"category","embeddable":true,"href":"http:\/\/aula21.net\/aulablog21\/wp-json\/wp\/v2\/categories?post=1302"},{"taxonomy":"post_tag","embeddable":true,"href":"http:\/\/aula21.net\/aulablog21\/wp-json\/wp\/v2\/tags?post=1302"}],"curies":[{"name":"wp","href":"https:\/\/api.w.org\/{rel}","templated":true}]}}