{"id":1307,"date":"2007-04-17T20:32:35","date_gmt":"2007-04-17T19:32:35","guid":{"rendered":"http:\/\/www.aula21.net\/aulablog21\/archives\/2007\/04\/17\/movilizacion-educativa-cada-dia-mas-necesaria\/"},"modified":"2007-04-17T20:41:00","modified_gmt":"2007-04-17T19:41:00","slug":"movilizacion-educativa-cada-dia-mas-necesaria","status":"publish","type":"post","link":"http:\/\/aula21.net\/aulablog21\/archives\/2007\/04\/17\/movilizacion-educativa-cada-dia-mas-necesaria\/","title":{"rendered":"Movilizaci\u00f3n Educativa cada d\u00eda m\u00e1s necesaria"},"content":{"rendered":"<p>En el n\u00famero de Abril de la revista \u00abCuadernos de pedagog\u00eda\u00bb el tema del mes es <a href=\"http:\/\/www.cuadernosdepedagogia.com\/ver_detalleArt.asp?idArt=10999&#038;action=ver\">La movilizaci\u00f3n Educativa<\/a>.<br \/>\nEsta revista permite que nos descarguemos gratuitamente algunos art\u00edculos a trav\u00e9s de su web, este mes relacionados con el tema citado podemos leer:<br \/>\n&#8211; <a href=\"http:\/\/www.cuadernosdepedagogia.com\/ver_pdf.asp?idArt=10999\">La movilizaci\u00f3n Educativa<\/a><br \/>\n&#8211; <a href=\"http:\/\/www.cuadernosdepedagogia.com\/ver_pdf.asp?idArt=11000\">\u00bfQu\u00e9 es la movilizaci\u00f3n educativa? <\/a>cuyo autor es Jos\u00e9 Antonio Marina (Fil\u00f3sofo y catedr\u00e1tico de instituto) .<\/p>\n<blockquote><p>Para educar a un ni\u00f1o hace falta la tribu entera; para educarlo bien hace falta una buena tribu, y una buena tribu atiende, ayuda y protege a la familia y a la escuela. Sobre este triple lema, se construye una red para poner medios a disposici\u00f3n de quienes deseen mejorar la educaci\u00f3n. Su impulsor admite que si la red alcanza una masa cr\u00edtica significativa, triunfar\u00e1, y si no, fracasar\u00e1.<\/p><\/blockquote>\n<p>Ganas de trabajar e ideas constructivas es lo que necesita nuestro sistema educativo tenemos que demostrar a los pol\u00edticos que las cosas se pueden hacer bien y que hay mucha gente v\u00e1lida en nuestro pa\u00eds con ganas de mejorar el barco en el que todos navegamos.<br \/>\nNo dejes de visitar <a href=\"http:\/\/www.movilizacioneducativa.net\/\">la web de Movilizaci\u00f3n Ecducativa<\/a> en la que Jose Antonio Marina presenta su proyecto diciendo:<\/p>\n<blockquote><p>La preocupaci\u00f3n universal por la educaci\u00f3n ha generado un sistema de excusas en el que todo el mundo echa las culpas al vecino. Los padres a la escuela, la escuela a los padres, todos a la televisi\u00f3n, la televisi\u00f3n a los espectadores, al final acabamos pidiendo soluciones al gobierno, que apela a la responsabilidad de los ciudadanos, y otra vez a empezar. En esta rueda infernal de las excusas podemos estar girando hasta el d\u00eda del juicio.<\/p>\n<p>La \u00fanica soluci\u00f3n que se me ocurre es no esperar a que otros resuelvan el problema, sino preguntarme: \u00bfqu\u00e9 puedo hacer yo para solucionarlo? He o\u00eddo muchas veces esta pregunta, y creo que si supi\u00e9ramos aprovechar la preocupaci\u00f3n, la generosidad, la energ\u00eda y el talento de miles de personas dispuestas a colaborar, podr\u00edamos provocar un benefactor cambio cultural, que es lo que necesitamos para mejorar la educaci\u00f3n. Este es el objetivo \u2013como ver\u00e1n optimista- de la movilizaci\u00f3n educativa. Se trata de quitarnos de encima el victimismo, la impotencia y el clima dram\u00e1tico que envuelve al mundo de la educaci\u00f3n, familiar o escolar.<\/p>\n<\/blockquote>\n","protected":false},"excerpt":{"rendered":"<p>En el n\u00famero de Abril de la revista \u00abCuadernos de pedagog\u00eda\u00bb el tema del mes es La movilizaci\u00f3n Educativa. Esta revista permite que nos descarguemos gratuitamente algunos art\u00edculos a trav\u00e9s de su web, este mes relacionados con el tema citado podemos leer: &#8211; La movilizaci\u00f3n Educativa &#8211; \u00bfQu\u00e9 es la movilizaci\u00f3n educativa? cuyo autor es [&hellip;]<\/p>\n","protected":false},"author":1,"featured_media":0,"comment_status":"open","ping_status":"open","sticky":false,"template":"","format":"standard","meta":{"footnotes":""},"categories":[17,19,1],"tags":[],"class_list":["post-1307","post","type-post","status-publish","format-standard","hentry","category-articulos","category-educacion","category-miscelanea"],"_links":{"self":[{"href":"http:\/\/aula21.net\/aulablog21\/wp-json\/wp\/v2\/posts\/1307","targetHints":{"allow":["GET"]}}],"collection":[{"href":"http:\/\/aula21.net\/aulablog21\/wp-json\/wp\/v2\/posts"}],"about":[{"href":"http:\/\/aula21.net\/aulablog21\/wp-json\/wp\/v2\/types\/post"}],"author":[{"embeddable":true,"href":"http:\/\/aula21.net\/aulablog21\/wp-json\/wp\/v2\/users\/1"}],"replies":[{"embeddable":true,"href":"http:\/\/aula21.net\/aulablog21\/wp-json\/wp\/v2\/comments?post=1307"}],"version-history":[{"count":0,"href":"http:\/\/aula21.net\/aulablog21\/wp-json\/wp\/v2\/posts\/1307\/revisions"}],"wp:attachment":[{"href":"http:\/\/aula21.net\/aulablog21\/wp-json\/wp\/v2\/media?parent=1307"}],"wp:term":[{"taxonomy":"category","embeddable":true,"href":"http:\/\/aula21.net\/aulablog21\/wp-json\/wp\/v2\/categories?post=1307"},{"taxonomy":"post_tag","embeddable":true,"href":"http:\/\/aula21.net\/aulablog21\/wp-json\/wp\/v2\/tags?post=1307"}],"curies":[{"name":"wp","href":"https:\/\/api.w.org\/{rel}","templated":true}]}}