{"id":1308,"date":"2007-04-19T10:23:30","date_gmt":"2007-04-19T09:23:30","guid":{"rendered":"http:\/\/www.aula21.net\/aulablog21\/archives\/2007\/04\/19\/bachillerato-light\/"},"modified":"2007-04-19T10:50:45","modified_gmt":"2007-04-19T09:50:45","slug":"bachillerato-light","status":"publish","type":"post","link":"http:\/\/aula21.net\/aulablog21\/archives\/2007\/04\/19\/bachillerato-light\/","title":{"rendered":"Bachillerato &#8216;light&#8217;"},"content":{"rendered":"<p><a href=\"http:\/\/www.elpais.com\/articulo\/opinion\/Bachillerato\/light\/elpepuopi\/20070419elpepiopi_7\/Tes\">Carta publicada el el diario El Pa\u00eds<\/a>.<\/p>\n<blockquote><p>El Gobierno ha hecho una propuesta de Real Decreto de Bachillerato que parece contar con el benepl\u00e1cito de algunos, o, al menos, con pocas quejas, algo extra\u00f1o en estos d\u00edas. Sin embargo, el curso puente entre 1\u00ba y 2\u00ba me parece un atraso en el marco social en que nos encontramos. Aunque no me sorprende. Acad\u00e9micamente, en Espa\u00f1a estamos acostumbrados a convocatorias extraordinarias de ex\u00e1menes, aprobados fantasmas en los claustros de profesores a fin de curso. Mi generaci\u00f3n ha crecido bajo el \u00abs\u00edndrome ESO\u00bb, o apruebas o apruebas. Nuestro nivel de idiomas es paup\u00e9rrimo, de los m\u00e1s deficientes de Europa; por no hablar del resto de asignaturas.<br \/>\nLos cuatros a\u00f1os de semi-hibernaci\u00f3n que supone la ESO provoca la apat\u00eda de los estudiantes en Espa\u00f1a en unos a\u00f1os clave para forjar su personalidad en muchos aspectos. Esta apat\u00eda no se combate con cursos puentes, sino con una educaci\u00f3n que nos inculque ser m\u00e1s competitivos, exigirnos m\u00e1s a nosotros mismos, fomentar las ganas de aprender y de hacerlo lo mejor posible. Si esto no cambia, al salir de Espa\u00f1a seguiremos choc\u00e1ndonos con una clase profesional mucho m\u00e1s formada y competitiva en el mercado laboral. Entonces nos acordaremos de pap\u00e1-Estado.<\/p><\/blockquote>\n<p>Acabar con estos experimentos en el \u00e1mbito educativo que pienso van a conducir al fracaso de nuestro hijos est\u00e1 en nuestras manos, de momento podemos luchar con art\u00edculos de opini\u00f3n desde los blogs y en las elecciones con nuestros votos, ese es el juego democr\u00e1tico.<\/p>\n<p>EVa P\u00e9rez Consejera de Educaci\u00f3n de la Junta de Extremadura <a href=\"http:\/\/www.extremaduraaldia.com\/vegas-altas\/eva-maria-perez-inaugura-el-tercer-salon-de-la-educacion-en-don-benito\/36369.html\">ha declarado<\/a>:<\/p>\n<blockquote><p>En cuanto a la propuesta del Ministerio de la reforma de Bachillerato, la consejera ha indicado que el pr\u00f3ximo martes se reunir\u00e1n todas las comunidades aut\u00f3nomas con el Ministerio de Educaci\u00f3n para discutirla, de este mismo modo, ha se\u00f1alado que la consejer\u00eda de Educaci\u00f3n de la Junta de Extremadura en principio no tiene nada que objetar a la propuesta del Ministerio, \u201centendemos que la propuesta est\u00e1 en la l\u00ednea de lo que se hace ya en la Universidad\u201d. Eva Mar\u00eda P\u00e9rez ha indicado que la propuesta posibilita el \u00e9xito educativo de los alumnos y reducir uno de los objetivos europeos para el 2010, que es la tasa de abandono escolar.<\/p><\/blockquote>\n<p>Los pol\u00edticos como mucho pagar\u00e1n en las urnas sus errores pero nuestros hijos pagar\u00e1n un precio mucho m\u00e1s caro y contra ello me rebelo con los medios a mi alcance.<br \/>\nParece que esta gente a\u00f1ora los tres a\u00f1os de BUP de la ley del 70 pero no se atreven a reconocer que la LOGSE fu\u00e9 un completo error y van reculando vergonzosamente. Otra muestra de ello es la reducci\u00f3n de la edad de 16 a 15 a\u00f1os para poder acceder a un programa de Capacitaci\u00f3n Profesional \u00bfa\u00f1oran la FP antigua que se hac\u00eda al acaBar 8\u00ba de EGB?.<\/p>\n","protected":false},"excerpt":{"rendered":"<p>Carta publicada el el diario El Pa\u00eds. El Gobierno ha hecho una propuesta de Real Decreto de Bachillerato que parece contar con el benepl\u00e1cito de algunos, o, al menos, con pocas quejas, algo extra\u00f1o en estos d\u00edas. Sin embargo, el curso puente entre 1\u00ba y 2\u00ba me parece un atraso en el marco social en [&hellip;]<\/p>\n","protected":false},"author":1,"featured_media":0,"comment_status":"open","ping_status":"open","sticky":false,"template":"","format":"standard","meta":{"footnotes":""},"categories":[17,19],"tags":[],"class_list":["post-1308","post","type-post","status-publish","format-standard","hentry","category-articulos","category-educacion"],"_links":{"self":[{"href":"http:\/\/aula21.net\/aulablog21\/wp-json\/wp\/v2\/posts\/1308","targetHints":{"allow":["GET"]}}],"collection":[{"href":"http:\/\/aula21.net\/aulablog21\/wp-json\/wp\/v2\/posts"}],"about":[{"href":"http:\/\/aula21.net\/aulablog21\/wp-json\/wp\/v2\/types\/post"}],"author":[{"embeddable":true,"href":"http:\/\/aula21.net\/aulablog21\/wp-json\/wp\/v2\/users\/1"}],"replies":[{"embeddable":true,"href":"http:\/\/aula21.net\/aulablog21\/wp-json\/wp\/v2\/comments?post=1308"}],"version-history":[{"count":0,"href":"http:\/\/aula21.net\/aulablog21\/wp-json\/wp\/v2\/posts\/1308\/revisions"}],"wp:attachment":[{"href":"http:\/\/aula21.net\/aulablog21\/wp-json\/wp\/v2\/media?parent=1308"}],"wp:term":[{"taxonomy":"category","embeddable":true,"href":"http:\/\/aula21.net\/aulablog21\/wp-json\/wp\/v2\/categories?post=1308"},{"taxonomy":"post_tag","embeddable":true,"href":"http:\/\/aula21.net\/aulablog21\/wp-json\/wp\/v2\/tags?post=1308"}],"curies":[{"name":"wp","href":"https:\/\/api.w.org\/{rel}","templated":true}]}}