{"id":1312,"date":"2007-04-21T12:30:21","date_gmt":"2007-04-21T11:30:21","guid":{"rendered":"http:\/\/www.aula21.net\/aulablog21\/archives\/2007\/04\/21\/sobre-sueldos-de-politicos\/"},"modified":"2007-04-21T12:31:52","modified_gmt":"2007-04-21T11:31:52","slug":"sobre-sueldos-de-politicos","status":"publish","type":"post","link":"http:\/\/aula21.net\/aulablog21\/archives\/2007\/04\/21\/sobre-sueldos-de-politicos\/","title":{"rendered":"Sobre sueldos de pol\u00edticos"},"content":{"rendered":"<p>El se\u00f1or Rajoy con s\u00f3lo 23 a\u00f1os consigui\u00f3, por oposici\u00f3n, una plaza como Registrador de la Propiedad y durante un tiempo se dedic\u00f3 a esta actividad en las localidades de Villafranca del Bierzo, Padr\u00f3n y Santa Pola.<br \/>\nSi en lugar de dedicarse a la pol\u00edtica se dedicara a su profesi\u00f3n inicial seguro que ganar\u00eda mucho m\u00e1s de lo que gana.<br \/>\n\u00bf Pueden decir lo mismo todos los pol\u00edticos? no quiero dar ning\u00fan nombre pero a la mente se me vienen algunos que si no fuera por la pol\u00edtica estar\u00edan en el paro o prepar\u00e1ndose oposiciones.<\/p>\n","protected":false},"excerpt":{"rendered":"<p>El se\u00f1or Rajoy con s\u00f3lo 23 a\u00f1os consigui\u00f3, por oposici\u00f3n, una plaza como Registrador de la Propiedad y durante un tiempo se dedic\u00f3 a esta actividad en las localidades de Villafranca del Bierzo, Padr\u00f3n y Santa Pola. Si en lugar de dedicarse a la pol\u00edtica se dedicara a su profesi\u00f3n inicial seguro que ganar\u00eda mucho [&hellip;]<\/p>\n","protected":false},"author":1,"featured_media":0,"comment_status":"open","ping_status":"open","sticky":false,"template":"","format":"standard","meta":{"footnotes":""},"categories":[17,1,23],"tags":[],"class_list":["post-1312","post","type-post","status-publish","format-standard","hentry","category-articulos","category-miscelanea","category-sociedad"],"_links":{"self":[{"href":"http:\/\/aula21.net\/aulablog21\/wp-json\/wp\/v2\/posts\/1312","targetHints":{"allow":["GET"]}}],"collection":[{"href":"http:\/\/aula21.net\/aulablog21\/wp-json\/wp\/v2\/posts"}],"about":[{"href":"http:\/\/aula21.net\/aulablog21\/wp-json\/wp\/v2\/types\/post"}],"author":[{"embeddable":true,"href":"http:\/\/aula21.net\/aulablog21\/wp-json\/wp\/v2\/users\/1"}],"replies":[{"embeddable":true,"href":"http:\/\/aula21.net\/aulablog21\/wp-json\/wp\/v2\/comments?post=1312"}],"version-history":[{"count":0,"href":"http:\/\/aula21.net\/aulablog21\/wp-json\/wp\/v2\/posts\/1312\/revisions"}],"wp:attachment":[{"href":"http:\/\/aula21.net\/aulablog21\/wp-json\/wp\/v2\/media?parent=1312"}],"wp:term":[{"taxonomy":"category","embeddable":true,"href":"http:\/\/aula21.net\/aulablog21\/wp-json\/wp\/v2\/categories?post=1312"},{"taxonomy":"post_tag","embeddable":true,"href":"http:\/\/aula21.net\/aulablog21\/wp-json\/wp\/v2\/tags?post=1312"}],"curies":[{"name":"wp","href":"https:\/\/api.w.org\/{rel}","templated":true}]}}