{"id":1313,"date":"2007-04-23T15:42:56","date_gmt":"2007-04-23T14:42:56","guid":{"rendered":"http:\/\/www.aula21.net\/aulablog21\/archives\/2007\/04\/23\/campana-mundial-por-la-educacion\/"},"modified":"2007-04-23T15:46:50","modified_gmt":"2007-04-23T14:46:50","slug":"campana-mundial-por-la-educacion","status":"publish","type":"post","link":"http:\/\/aula21.net\/aulablog21\/archives\/2007\/04\/23\/campana-mundial-por-la-educacion\/","title":{"rendered":"Campa\u00f1a Mundial por la Educaci\u00f3n"},"content":{"rendered":"<p>Me parece de gran inter\u00e9s difundir esta noticia leida en <a href=\"http:\/\/www.canalsolidario.org\/web\/noticias\/noticia\/?id_noticia=8744\">Canal Solidario<\/a>:<\/p>\n<blockquote><p> <strong>\u00bfPuedes leer esto? Una de cada cinco personas no<\/strong><br \/>\nNo leer\u00e1n esta noticia porque quieran sino porque no saben leer ni escribir. Organizaciones de todo el mundo celebran esta semana la Campa\u00f1a Mundial por la Educaci\u00f3n, que pide m\u00e1s inversi\u00f3n en profesorado y formaci\u00f3n de calidad.<br \/>\nAlumnos y alumnas de primaria de muchos colegios espa\u00f1oles aprender\u00e1n esta semana algo que quiz\u00e1s cre\u00edan obvio: que ir al colegio es un derecho. La frase es muy clara pero las diferencias entre lo escrito en el papel y la realidad son abismales.<\/p>\n<p>Representantes de m\u00e1s de 18 pa\u00edses se reunieron en el a\u00f1o 2000 y anunciaron los conocidos Objetivos de Desarrollo del Milenio; uno de ellos precisamente era conseguir educaci\u00f3n primaria para todos antes del a\u00f1o 2015. Pero todo apunta a que no se lograr\u00e1.<br \/>\n<a href=\"http:\/\/www.canalsolidario.org\/web\/noticias\/noticia\/?id_noticia=8744\">Seguir leyendo<\/a>\n<\/p><\/blockquote>\n<p>Es importante concienciar a nuestros alumnos de que somos unos privilegiados por vivir en un pa\u00eds desarrollado como Espa\u00f1a y que sepan valorar en su justa medida lo que tienen tanto a nivel material como a otros niveles.<\/p>\n","protected":false},"excerpt":{"rendered":"<p>Me parece de gran inter\u00e9s difundir esta noticia leida en Canal Solidario: \u00bfPuedes leer esto? Una de cada cinco personas no No leer\u00e1n esta noticia porque quieran sino porque no saben leer ni escribir. Organizaciones de todo el mundo celebran esta semana la Campa\u00f1a Mundial por la Educaci\u00f3n, que pide m\u00e1s inversi\u00f3n en profesorado y [&hellip;]<\/p>\n","protected":false},"author":1,"featured_media":0,"comment_status":"open","ping_status":"open","sticky":false,"template":"","format":"standard","meta":{"footnotes":""},"categories":[17,19],"tags":[],"class_list":["post-1313","post","type-post","status-publish","format-standard","hentry","category-articulos","category-educacion"],"_links":{"self":[{"href":"http:\/\/aula21.net\/aulablog21\/wp-json\/wp\/v2\/posts\/1313","targetHints":{"allow":["GET"]}}],"collection":[{"href":"http:\/\/aula21.net\/aulablog21\/wp-json\/wp\/v2\/posts"}],"about":[{"href":"http:\/\/aula21.net\/aulablog21\/wp-json\/wp\/v2\/types\/post"}],"author":[{"embeddable":true,"href":"http:\/\/aula21.net\/aulablog21\/wp-json\/wp\/v2\/users\/1"}],"replies":[{"embeddable":true,"href":"http:\/\/aula21.net\/aulablog21\/wp-json\/wp\/v2\/comments?post=1313"}],"version-history":[{"count":0,"href":"http:\/\/aula21.net\/aulablog21\/wp-json\/wp\/v2\/posts\/1313\/revisions"}],"wp:attachment":[{"href":"http:\/\/aula21.net\/aulablog21\/wp-json\/wp\/v2\/media?parent=1313"}],"wp:term":[{"taxonomy":"category","embeddable":true,"href":"http:\/\/aula21.net\/aulablog21\/wp-json\/wp\/v2\/categories?post=1313"},{"taxonomy":"post_tag","embeddable":true,"href":"http:\/\/aula21.net\/aulablog21\/wp-json\/wp\/v2\/tags?post=1313"}],"curies":[{"name":"wp","href":"https:\/\/api.w.org\/{rel}","templated":true}]}}