{"id":1332,"date":"2007-05-08T20:56:02","date_gmt":"2007-05-08T19:56:02","guid":{"rendered":"http:\/\/www.aula21.net\/aulablog21\/archives\/2007\/05\/08\/finalistas-premio-edublogs-2007\/"},"modified":"2007-05-08T20:58:52","modified_gmt":"2007-05-08T19:58:52","slug":"finalistas-premio-edublogs-2007","status":"publish","type":"post","link":"http:\/\/aula21.net\/aulablog21\/archives\/2007\/05\/08\/finalistas-premio-edublogs-2007\/","title":{"rendered":"Finalistas Premio Edublogs 2007"},"content":{"rendered":"<p>Ya se conocen los <a href=\"http:\/\/ciberespiral.net\/edublogs\/2007\/05\/06\/finalistas-i-premio-espiral-edublogs\/\">finalistas del Primer Premio Espiral de Edublog<\/a><br \/>\nEl pr\u00f3ximo domingo 13 de mayo se fallar\u00e1n los premios, el nivel es magn\u00edfico, mi m\u00e1s sincera enhorabuena a todos los nominados.<br \/>\nInvito a los especticos que no acaban de estar convencidos de la utilidad de las TIC en la educaci\u00f3n a darse un paseo por alguno de los <a href=\"http:\/\/ciberespiral.net\/edublogs\/2007\/05\/06\/finalistas-i-premio-espiral-edublogs\/\">179 Edublogs seleccionados<\/a>.<br \/>\nPor cierto hace poco este blog ha cumplido su tercer aniversario, espero seguir con ganas de cumplir muchos a\u00f1os m\u00e1s.<br \/>\nMi primer art\u00edculo con contenido fu\u00e9<a href=\"http:\/\/www.aula21.net\/aulablog21\/archives\/2004\/05\/26\/loco-por-los-weblogs\/\"> \u00abLoco por los blogs\u00bb<\/a>, \u00a1c\u00f3mo pasa el tiempo!<\/p>\n","protected":false},"excerpt":{"rendered":"<p>Ya se conocen los finalistas del Primer Premio Espiral de Edublog El pr\u00f3ximo domingo 13 de mayo se fallar\u00e1n los premios, el nivel es magn\u00edfico, mi m\u00e1s sincera enhorabuena a todos los nominados. Invito a los especticos que no acaban de estar convencidos de la utilidad de las TIC en la educaci\u00f3n a darse un [&hellip;]<\/p>\n","protected":false},"author":1,"featured_media":0,"comment_status":"open","ping_status":"open","sticky":false,"template":"","format":"standard","meta":{"footnotes":""},"categories":[2],"tags":[],"class_list":["post-1332","post","type-post","status-publish","format-standard","hentry","category-weblogs_en_el_aula"],"_links":{"self":[{"href":"http:\/\/aula21.net\/aulablog21\/wp-json\/wp\/v2\/posts\/1332","targetHints":{"allow":["GET"]}}],"collection":[{"href":"http:\/\/aula21.net\/aulablog21\/wp-json\/wp\/v2\/posts"}],"about":[{"href":"http:\/\/aula21.net\/aulablog21\/wp-json\/wp\/v2\/types\/post"}],"author":[{"embeddable":true,"href":"http:\/\/aula21.net\/aulablog21\/wp-json\/wp\/v2\/users\/1"}],"replies":[{"embeddable":true,"href":"http:\/\/aula21.net\/aulablog21\/wp-json\/wp\/v2\/comments?post=1332"}],"version-history":[{"count":0,"href":"http:\/\/aula21.net\/aulablog21\/wp-json\/wp\/v2\/posts\/1332\/revisions"}],"wp:attachment":[{"href":"http:\/\/aula21.net\/aulablog21\/wp-json\/wp\/v2\/media?parent=1332"}],"wp:term":[{"taxonomy":"category","embeddable":true,"href":"http:\/\/aula21.net\/aulablog21\/wp-json\/wp\/v2\/categories?post=1332"},{"taxonomy":"post_tag","embeddable":true,"href":"http:\/\/aula21.net\/aulablog21\/wp-json\/wp\/v2\/tags?post=1332"}],"curies":[{"name":"wp","href":"https:\/\/api.w.org\/{rel}","templated":true}]}}