{"id":1335,"date":"2007-05-11T20:05:28","date_gmt":"2007-05-11T19:05:28","guid":{"rendered":"http:\/\/www.aula21.net\/aulablog21\/archives\/2007\/05\/11\/ha-nacido-pares-portal-de-archivos-espanoles\/"},"modified":"2007-05-11T20:05:28","modified_gmt":"2007-05-11T19:05:28","slug":"ha-nacido-pares-portal-de-archivos-espanoles","status":"publish","type":"post","link":"http:\/\/aula21.net\/aulablog21\/archives\/2007\/05\/11\/ha-nacido-pares-portal-de-archivos-espanoles\/","title":{"rendered":"Ha nacido PARES (Portal de Archivos Espa\u00f1oles)"},"content":{"rendered":"<p>El Ministerio de Cultura lanz\u00f3 ayer <a href=\"http:\/\/pares.mcu.es\/\">el portal PARES (Portal de Archivos Espa\u00f1oles)<\/a>, con m\u00e1s de 20 millones de ficheros hist\u00f3ricos, 19 de ellos im\u00e1genes y el resto documentos. A final de 2007 habr\u00e1 30 millones de ficheros, 28 de im\u00e1genes y 2,7 de documentos.<br \/>\nLa entrada es libre, es decir, no hay que registrarse. Las b\u00fasquedas pueden acotarse por texto y fechas. Si lo prefieres, puedes acceder directamente a los distintos archivos, que son: Archivo General de la Guerra Civil Espa\u00f1ola, el de Simancas, secci\u00f3n Nobleza del Archivo Hist\u00f3rico Nacional, de la Corona de Arag\u00f3n, General de la Administraci\u00f3n, General de la Guerra Civil, de la Real Chanciller\u00eda de Valladolid, Provincial de \u00c1lava, Provincial de Guip\u00fazcoa y Provincial de Vizcaya.<br \/>\nFuente: <a href=\"http:\/\/www.mcu.es\/gabineteprensa\/mostrarDetalleGabinetePrensaAction.do;jsessionid=4BEBD207FDFB5708CD93EECBD566C234?prev_layout=notas&#038;layout=notas&#038;html=10002007nota.txt&#038;language=es&#038;cache=init\">Nota de prensa del Ministerio de Cultura<\/a><\/p>\n","protected":false},"excerpt":{"rendered":"<p>El Ministerio de Cultura lanz\u00f3 ayer el portal PARES (Portal de Archivos Espa\u00f1oles), con m\u00e1s de 20 millones de ficheros hist\u00f3ricos, 19 de ellos im\u00e1genes y el resto documentos. A final de 2007 habr\u00e1 30 millones de ficheros, 28 de im\u00e1genes y 2,7 de documentos. La entrada es libre, es decir, no hay que registrarse. [&hellip;]<\/p>\n","protected":false},"author":1,"featured_media":0,"comment_status":"open","ping_status":"open","sticky":false,"template":"","format":"standard","meta":{"footnotes":""},"categories":[14],"tags":[],"class_list":["post-1335","post","type-post","status-publish","format-standard","hentry","category-recursos-variados"],"_links":{"self":[{"href":"http:\/\/aula21.net\/aulablog21\/wp-json\/wp\/v2\/posts\/1335","targetHints":{"allow":["GET"]}}],"collection":[{"href":"http:\/\/aula21.net\/aulablog21\/wp-json\/wp\/v2\/posts"}],"about":[{"href":"http:\/\/aula21.net\/aulablog21\/wp-json\/wp\/v2\/types\/post"}],"author":[{"embeddable":true,"href":"http:\/\/aula21.net\/aulablog21\/wp-json\/wp\/v2\/users\/1"}],"replies":[{"embeddable":true,"href":"http:\/\/aula21.net\/aulablog21\/wp-json\/wp\/v2\/comments?post=1335"}],"version-history":[{"count":0,"href":"http:\/\/aula21.net\/aulablog21\/wp-json\/wp\/v2\/posts\/1335\/revisions"}],"wp:attachment":[{"href":"http:\/\/aula21.net\/aulablog21\/wp-json\/wp\/v2\/media?parent=1335"}],"wp:term":[{"taxonomy":"category","embeddable":true,"href":"http:\/\/aula21.net\/aulablog21\/wp-json\/wp\/v2\/categories?post=1335"},{"taxonomy":"post_tag","embeddable":true,"href":"http:\/\/aula21.net\/aulablog21\/wp-json\/wp\/v2\/tags?post=1335"}],"curies":[{"name":"wp","href":"https:\/\/api.w.org\/{rel}","templated":true}]}}