{"id":1340,"date":"2007-05-16T15:39:26","date_gmt":"2007-05-16T14:39:26","guid":{"rendered":"http:\/\/www.aula21.net\/aulablog21\/archives\/2007\/05\/16\/la-frase-que-empieza-a-resultarme-antipatica\/"},"modified":"2007-05-16T18:27:44","modified_gmt":"2007-05-16T17:27:44","slug":"la-frase-que-empieza-a-resultarme-antipatica","status":"publish","type":"post","link":"http:\/\/aula21.net\/aulablog21\/archives\/2007\/05\/16\/la-frase-que-empieza-a-resultarme-antipatica\/","title":{"rendered":"La  frase que empieza a resultarme antip\u00e1tica"},"content":{"rendered":"<p>Me est\u00e1 empezando a resultar antip\u00e1tica la manida frase que parece explicar todo lo referente al uso de la Tecnolog\u00eda Digital en el aula que empieza diciendo \u00ablos alumnos son nativos digitales y los profesores inmigrantes digitales por tanto&#8230;\u00bb<br \/>\nYo solo empiezo a distinguir entre ignorantes digitales y personas alfabetizadas digitalmente.<br \/>\nUno de los problemas es que dirigiendo todo el cotarro en torno a las TIC en educaci\u00f3n hay mucho ignorante digital, alguno de ellos incluso puede ser considerado nativo digital pero ignorante al fin y al cabo.<\/p>\n","protected":false},"excerpt":{"rendered":"<p>Me est\u00e1 empezando a resultar antip\u00e1tica la manida frase que parece explicar todo lo referente al uso de la Tecnolog\u00eda Digital en el aula que empieza diciendo \u00ablos alumnos son nativos digitales y los profesores inmigrantes digitales por tanto&#8230;\u00bb Yo solo empiezo a distinguir entre ignorantes digitales y personas alfabetizadas digitalmente. Uno de los problemas [&hellip;]<\/p>\n","protected":false},"author":1,"featured_media":0,"comment_status":"open","ping_status":"open","sticky":false,"template":"","format":"standard","meta":{"footnotes":""},"categories":[17,18],"tags":[],"class_list":["post-1340","post","type-post","status-publish","format-standard","hentry","category-articulos","category-tic"],"_links":{"self":[{"href":"http:\/\/aula21.net\/aulablog21\/wp-json\/wp\/v2\/posts\/1340","targetHints":{"allow":["GET"]}}],"collection":[{"href":"http:\/\/aula21.net\/aulablog21\/wp-json\/wp\/v2\/posts"}],"about":[{"href":"http:\/\/aula21.net\/aulablog21\/wp-json\/wp\/v2\/types\/post"}],"author":[{"embeddable":true,"href":"http:\/\/aula21.net\/aulablog21\/wp-json\/wp\/v2\/users\/1"}],"replies":[{"embeddable":true,"href":"http:\/\/aula21.net\/aulablog21\/wp-json\/wp\/v2\/comments?post=1340"}],"version-history":[{"count":0,"href":"http:\/\/aula21.net\/aulablog21\/wp-json\/wp\/v2\/posts\/1340\/revisions"}],"wp:attachment":[{"href":"http:\/\/aula21.net\/aulablog21\/wp-json\/wp\/v2\/media?parent=1340"}],"wp:term":[{"taxonomy":"category","embeddable":true,"href":"http:\/\/aula21.net\/aulablog21\/wp-json\/wp\/v2\/categories?post=1340"},{"taxonomy":"post_tag","embeddable":true,"href":"http:\/\/aula21.net\/aulablog21\/wp-json\/wp\/v2\/tags?post=1340"}],"curies":[{"name":"wp","href":"https:\/\/api.w.org\/{rel}","templated":true}]}}