{"id":1341,"date":"2007-05-16T18:37:22","date_gmt":"2007-05-16T17:37:22","guid":{"rendered":"http:\/\/www.aula21.net\/aulablog21\/archives\/2007\/05\/16\/y-digo-yo\/"},"modified":"2007-05-16T20:15:35","modified_gmt":"2007-05-16T19:15:35","slug":"y-digo-yo","status":"publish","type":"post","link":"http:\/\/aula21.net\/aulablog21\/archives\/2007\/05\/16\/y-digo-yo\/","title":{"rendered":"Y digo yo&#8230;"},"content":{"rendered":"<p>\u00bfPor qu\u00e9 no probar el pr\u00f3ximo curso en plan experimental la implantaci\u00f3n en alg\u00fan instituto del curso cultural y la semana lectiva ?<br \/>\nEstoy harto de que siempre sea al contrario.<br \/>\nY digo yo&#8230; si solo habr\u00eda una semana lectiva  \u00bfmerecer\u00eda la pena hacer comprar libros a los  progenitores de los nativos digitales o nos hacemos un wiki?<br \/>\nEstoy por elaborar la propuesta y presentarla a alg\u00fan concurso bien dotado economicamente \u00bfalguien m\u00e1s se anima?<\/p>\n<p>Quiz\u00e1s no merezca la pena tener en consideraci\u00f3n la propuesta, se trata solo de elucubraciones mentales una tarde de primavera de un inmigrante digital apasionado por el uso de Internet.<\/p>\n<p>Mucho m\u00e1s inteligente y realista es la magistral propuesta que Carlos Cabanillas hace en <a href=\"http:\/\/www.extremaduraclasica.com\/bitacora\/?p=149\">Notas program\u00e1ticas para mi aula ideal<\/a>, un art\u00edculo para enmarcar.<\/p>\n","protected":false},"excerpt":{"rendered":"<p>\u00bfPor qu\u00e9 no probar el pr\u00f3ximo curso en plan experimental la implantaci\u00f3n en alg\u00fan instituto del curso cultural y la semana lectiva ? Estoy harto de que siempre sea al contrario. Y digo yo&#8230; si solo habr\u00eda una semana lectiva \u00bfmerecer\u00eda la pena hacer comprar libros a los progenitores de los nativos digitales o nos [&hellip;]<\/p>\n","protected":false},"author":1,"featured_media":0,"comment_status":"open","ping_status":"open","sticky":false,"template":"","format":"standard","meta":{"footnotes":""},"categories":[17,19],"tags":[],"class_list":["post-1341","post","type-post","status-publish","format-standard","hentry","category-articulos","category-educacion"],"_links":{"self":[{"href":"http:\/\/aula21.net\/aulablog21\/wp-json\/wp\/v2\/posts\/1341","targetHints":{"allow":["GET"]}}],"collection":[{"href":"http:\/\/aula21.net\/aulablog21\/wp-json\/wp\/v2\/posts"}],"about":[{"href":"http:\/\/aula21.net\/aulablog21\/wp-json\/wp\/v2\/types\/post"}],"author":[{"embeddable":true,"href":"http:\/\/aula21.net\/aulablog21\/wp-json\/wp\/v2\/users\/1"}],"replies":[{"embeddable":true,"href":"http:\/\/aula21.net\/aulablog21\/wp-json\/wp\/v2\/comments?post=1341"}],"version-history":[{"count":0,"href":"http:\/\/aula21.net\/aulablog21\/wp-json\/wp\/v2\/posts\/1341\/revisions"}],"wp:attachment":[{"href":"http:\/\/aula21.net\/aulablog21\/wp-json\/wp\/v2\/media?parent=1341"}],"wp:term":[{"taxonomy":"category","embeddable":true,"href":"http:\/\/aula21.net\/aulablog21\/wp-json\/wp\/v2\/categories?post=1341"},{"taxonomy":"post_tag","embeddable":true,"href":"http:\/\/aula21.net\/aulablog21\/wp-json\/wp\/v2\/tags?post=1341"}],"curies":[{"name":"wp","href":"https:\/\/api.w.org\/{rel}","templated":true}]}}