{"id":1350,"date":"2007-05-23T09:42:49","date_gmt":"2007-05-23T08:42:49","guid":{"rendered":"http:\/\/www.aula21.net\/aulablog21\/archives\/2007\/05\/23\/aplicacion-didactica-de-los-blogs-presentacion-de-educastur\/"},"modified":"2007-05-23T09:44:28","modified_gmt":"2007-05-23T08:44:28","slug":"aplicacion-didactica-de-los-blogs-presentacion-de-educastur","status":"publish","type":"post","link":"http:\/\/aula21.net\/aulablog21\/archives\/2007\/05\/23\/aplicacion-didactica-de-los-blogs-presentacion-de-educastur\/","title":{"rendered":"Aplicaci\u00f3n did\u00e1ctica de los blogs, presentaci\u00f3n de Educastur"},"content":{"rendered":"<p>Al igual que <a href=\"http:\/\/sekeirox.blogia.com\/\">Carlos<\/a> y<a href=\"http:\/\/www.fzayas.com\"> Felipe Zayas<\/a> me hago eco de la magn\u00edfica presentaci\u00f3n elaborada por <a href=\"http:\/\/www.educastur.es\/\">Area Educastur y Servicios en L\u00ednea <\/a>de la Consejer\u00eda de Educaci\u00f3n de Asturias.<\/p>\n<blockquote><p>Bajo el t\u00edtulo Web Social Educativa 2.0. Aplicaciones did\u00e1cticas de los blogs, se analiza la influencia de los blogs en la producci\u00f3n de contenido web, y las posibilidades de los aplicaciones web 2.0 en el aula. Tambi\u00e9n se muestra el servicio <a href=\"http:\/\/blog.educastur.es\/\">Educastur Blog<\/a>, herramienta de publicaci\u00f3n de bit\u00e1coras, y a su vez, comunidad asturiana de edublogs.<\/p><\/blockquote>\n<p><object type=\"application\/x-shockwave-flash\" data=\"https:\/\/s3.amazonaws.com:443\/slideshare\/ssplayer.swf?id=28451&#038;doc=blogs-y-educacin-8903\" width=\"425\" height=\"348\"><param name=\"movie\" value=\"https:\/\/s3.amazonaws.com:443\/slideshare\/ssplayer.swf?id=28451&#038;doc=blogs-y-educacin-8903\" \/><\/object><a href=\"http:\/\/www.slideshare.net\/aula21\"><br \/>\nPaso a incluirla en mi colecci\u00f3n de presentaciones<\/a>.<br \/>\nEn la web de Educastur blog dispones adem\u00e1s de <a href=\"http:\/\/blog.educastur.es\/ayuda\/\">magn\u00edficos tutoriales on line y en pdf <\/a>para descargar que te ser\u00e1n de gran utilidad a la hora de plantearte la utilizaci\u00f3n de los blogs en el \u00e1mbito educativo.<br \/>\nHe de felicitar una vez m\u00e1s a a los asturianos, creo que es la Consejer\u00eda de Educacion que mejor est\u00e1 potenciando el uso de los blogs en nuestro pa\u00eds, todo ello hecho con mucho cari\u00f1o y calidad.<\/p>\n","protected":false},"excerpt":{"rendered":"<p>Al igual que Carlos y Felipe Zayas me hago eco de la magn\u00edfica presentaci\u00f3n elaborada por Area Educastur y Servicios en L\u00ednea de la Consejer\u00eda de Educaci\u00f3n de Asturias. Bajo el t\u00edtulo Web Social Educativa 2.0. Aplicaciones did\u00e1cticas de los blogs, se analiza la influencia de los blogs en la producci\u00f3n de contenido web, y [&hellip;]<\/p>\n","protected":false},"author":1,"featured_media":0,"comment_status":"open","ping_status":"open","sticky":false,"template":"","format":"standard","meta":{"footnotes":""},"categories":[2],"tags":[],"class_list":["post-1350","post","type-post","status-publish","format-standard","hentry","category-weblogs_en_el_aula"],"_links":{"self":[{"href":"http:\/\/aula21.net\/aulablog21\/wp-json\/wp\/v2\/posts\/1350","targetHints":{"allow":["GET"]}}],"collection":[{"href":"http:\/\/aula21.net\/aulablog21\/wp-json\/wp\/v2\/posts"}],"about":[{"href":"http:\/\/aula21.net\/aulablog21\/wp-json\/wp\/v2\/types\/post"}],"author":[{"embeddable":true,"href":"http:\/\/aula21.net\/aulablog21\/wp-json\/wp\/v2\/users\/1"}],"replies":[{"embeddable":true,"href":"http:\/\/aula21.net\/aulablog21\/wp-json\/wp\/v2\/comments?post=1350"}],"version-history":[{"count":0,"href":"http:\/\/aula21.net\/aulablog21\/wp-json\/wp\/v2\/posts\/1350\/revisions"}],"wp:attachment":[{"href":"http:\/\/aula21.net\/aulablog21\/wp-json\/wp\/v2\/media?parent=1350"}],"wp:term":[{"taxonomy":"category","embeddable":true,"href":"http:\/\/aula21.net\/aulablog21\/wp-json\/wp\/v2\/categories?post=1350"},{"taxonomy":"post_tag","embeddable":true,"href":"http:\/\/aula21.net\/aulablog21\/wp-json\/wp\/v2\/tags?post=1350"}],"curies":[{"name":"wp","href":"https:\/\/api.w.org\/{rel}","templated":true}]}}