{"id":1358,"date":"2007-05-29T20:56:49","date_gmt":"2007-05-29T19:56:49","guid":{"rendered":"http:\/\/www.aula21.net\/aulablog21\/archives\/2007\/05\/29\/dialogo-de-civilizaciones\/"},"modified":"2007-05-29T21:00:56","modified_gmt":"2007-05-29T20:00:56","slug":"dialogo-de-civilizaciones","status":"publish","type":"post","link":"http:\/\/aula21.net\/aulablog21\/archives\/2007\/05\/29\/dialogo-de-civilizaciones\/","title":{"rendered":"Di\u00e1logo de civilizaciones con Rafael Robles"},"content":{"rendered":"<p>El c\u00e9lebre y viajero<a href=\"http:\/\/www.rafaelrobles.com\"> blogfesor Rafael Robles<\/a> y sus compa\u00f1eros del departamento de filosof\u00eda del I.E.S. \u201cFrancisco de Quevedo\u201d de Villanueva de los Infantes <a href=\"http:\/\/edu.jccm.es\/ies\/franciscoquevedo\/moodle\/mod\/forum\/discuss.php?d=2\">invitan a todos lo profesores y alumnos <\/a>que lo deseen el pr\u00f3ximo 7 de junio, de 12 a 14:30 horas a una bonita y educativa experiencia.<br \/>\nSe trata de un encuentro intercultural e interreligioso en torno a la problem\u00e1tica del di\u00e1logo entre civilizaciones.<br \/>\nEl encuentro ser\u00e1 retransmitido en directo por Internet, desde el sal\u00f3n de actos de su instituto, para que puedan participar los estudiantes de otros centros educativos. De este modo si alg\u00fan profesor quiere participar con sus estudiantes solo tiene que ponerse en contacto con ellos y os daran las instrucciones concretas para poder acompa\u00f1arnos en este acto.<br \/>\nLa actividad consistir\u00e1 en un di\u00e1logo entre los invitados durante la primera hora y, a continuaci\u00f3n, los participantes escuchar\u00e1n las reflexiones de los estudiantes y las preguntas que \u00e9stos les planteen. <\/p>\n<p>Si desea participar con sus estudiantes escriba a <a href=\"rafaelrobles@rafaelrobles.com\">rafaelrobles@rafaelrobles.com<\/a> indicando su nombre, direcci\u00f3n del centro educativo y el n\u00famero aproximado de estudiantes que asistir\u00e1n por Internet.<br \/>\nPuede ser una inolvidable experiencia en torno a las TIC, <a href=\"http:\/\/edu.jccm.es\/ies\/franciscoquevedo\/moodle\/mod\/forum\/discuss.php?d=2\">an\u00edmate y participa no te arrepentir\u00e1s <\/a> , el amigo Rafael Robles prepara las cosas a conciencia y es garant\u00eda de calidad.<\/p>\n","protected":false},"excerpt":{"rendered":"<p>El c\u00e9lebre y viajero blogfesor Rafael Robles y sus compa\u00f1eros del departamento de filosof\u00eda del I.E.S. \u201cFrancisco de Quevedo\u201d de Villanueva de los Infantes invitan a todos lo profesores y alumnos que lo deseen el pr\u00f3ximo 7 de junio, de 12 a 14:30 horas a una bonita y educativa experiencia. Se trata de un encuentro [&hellip;]<\/p>\n","protected":false},"author":1,"featured_media":0,"comment_status":"open","ping_status":"open","sticky":false,"template":"","format":"standard","meta":{"footnotes":""},"categories":[8],"tags":[],"class_list":["post-1358","post","type-post","status-publish","format-standard","hentry","category-educacion_e_internet"],"_links":{"self":[{"href":"http:\/\/aula21.net\/aulablog21\/wp-json\/wp\/v2\/posts\/1358","targetHints":{"allow":["GET"]}}],"collection":[{"href":"http:\/\/aula21.net\/aulablog21\/wp-json\/wp\/v2\/posts"}],"about":[{"href":"http:\/\/aula21.net\/aulablog21\/wp-json\/wp\/v2\/types\/post"}],"author":[{"embeddable":true,"href":"http:\/\/aula21.net\/aulablog21\/wp-json\/wp\/v2\/users\/1"}],"replies":[{"embeddable":true,"href":"http:\/\/aula21.net\/aulablog21\/wp-json\/wp\/v2\/comments?post=1358"}],"version-history":[{"count":0,"href":"http:\/\/aula21.net\/aulablog21\/wp-json\/wp\/v2\/posts\/1358\/revisions"}],"wp:attachment":[{"href":"http:\/\/aula21.net\/aulablog21\/wp-json\/wp\/v2\/media?parent=1358"}],"wp:term":[{"taxonomy":"category","embeddable":true,"href":"http:\/\/aula21.net\/aulablog21\/wp-json\/wp\/v2\/categories?post=1358"},{"taxonomy":"post_tag","embeddable":true,"href":"http:\/\/aula21.net\/aulablog21\/wp-json\/wp\/v2\/tags?post=1358"}],"curies":[{"name":"wp","href":"https:\/\/api.w.org\/{rel}","templated":true}]}}