{"id":1363,"date":"2007-06-01T10:34:00","date_gmt":"2007-06-01T09:34:00","guid":{"rendered":"http:\/\/www.aula21.net\/aulablog21\/archives\/2007\/06\/01\/de-gira-con-anibal-el-ritmo-de-los-edublogs-ya-esta-aqui\/"},"modified":"2007-06-01T11:21:26","modified_gmt":"2007-06-01T10:21:26","slug":"de-gira-con-anibal-el-ritmo-de-los-edublogs-ya-esta-aqui","status":"publish","type":"post","link":"http:\/\/aula21.net\/aulablog21\/archives\/2007\/06\/01\/de-gira-con-anibal-el-ritmo-de-los-edublogs-ya-esta-aqui\/","title":{"rendered":"De gira con Anibal, baila el ritmo del verano con los blogfesores de moda"},"content":{"rendered":"<p>Este verano tengo una apretada agenda, <a href=\"http:\/\/www.adelat.org\">An\u00edbal<\/a> y un servidor hemos creado un d\u00fao bloguero y nos est\u00e1n lloviendo los contratos para asistir a cursos de verano de diversas universidades y otros centros de formaci\u00f3n estivales del profesorado.<br \/>\nLos ensayos con este calor son duros pero todo sea por la difusi\u00f3n de la web educativa 2.0<\/p>\n<p>El amigo An\u00edbal, para m\u00ed el blogfesor m\u00e1s gal\u00e1ctico de la blogosfera educativa hispana, ha sido el promotor de la idea y <a href=\"http:\/\/www.adelat.org\/index.php?title=paco_y_yo_de_marcha&#038;more=1&#038;c=1&#038;tb=1&#038;pb=1\">tambi\u00e9n da cuenta de ello en su blog<\/a>.<br \/>\n<a href=\"http:\/\/picasaweb.google.com\/aula21\/Edublogs\/photo#5071026193123323698\"><img decoding=\"async\" src=\"http:\/\/lh5.google.com\/image\/aula21\/Rl_ndIfRLzI\/AAAAAAAAACU\/8U4XH0MgVKE\/s400\/scissors.jpg\" \/><\/a><\/p>\n<p><a href=\"http:\/\/www.dancesisterdance.com\/myvid\/index.php?v=5e62327510749a\">Pod\u00e9is vernos en acci\u00f3n en este v\u00eddeo<\/a>.Por favor, tened paciencia y esperad a ver el resultado.<br \/>\nEl presidente del club de fans de Anibal de Palma del Rio est\u00e1 encantado.<\/p>\n","protected":false},"excerpt":{"rendered":"<p>Este verano tengo una apretada agenda, An\u00edbal y un servidor hemos creado un d\u00fao bloguero y nos est\u00e1n lloviendo los contratos para asistir a cursos de verano de diversas universidades y otros centros de formaci\u00f3n estivales del profesorado. Los ensayos con este calor son duros pero todo sea por la difusi\u00f3n de la web educativa [&hellip;]<\/p>\n","protected":false},"author":1,"featured_media":0,"comment_status":"open","ping_status":"open","sticky":false,"template":"","format":"standard","meta":{"footnotes":""},"categories":[1,7],"tags":[],"class_list":["post-1363","post","type-post","status-publish","format-standard","hentry","category-miscelanea","category-personal"],"_links":{"self":[{"href":"http:\/\/aula21.net\/aulablog21\/wp-json\/wp\/v2\/posts\/1363","targetHints":{"allow":["GET"]}}],"collection":[{"href":"http:\/\/aula21.net\/aulablog21\/wp-json\/wp\/v2\/posts"}],"about":[{"href":"http:\/\/aula21.net\/aulablog21\/wp-json\/wp\/v2\/types\/post"}],"author":[{"embeddable":true,"href":"http:\/\/aula21.net\/aulablog21\/wp-json\/wp\/v2\/users\/1"}],"replies":[{"embeddable":true,"href":"http:\/\/aula21.net\/aulablog21\/wp-json\/wp\/v2\/comments?post=1363"}],"version-history":[{"count":0,"href":"http:\/\/aula21.net\/aulablog21\/wp-json\/wp\/v2\/posts\/1363\/revisions"}],"wp:attachment":[{"href":"http:\/\/aula21.net\/aulablog21\/wp-json\/wp\/v2\/media?parent=1363"}],"wp:term":[{"taxonomy":"category","embeddable":true,"href":"http:\/\/aula21.net\/aulablog21\/wp-json\/wp\/v2\/categories?post=1363"},{"taxonomy":"post_tag","embeddable":true,"href":"http:\/\/aula21.net\/aulablog21\/wp-json\/wp\/v2\/tags?post=1363"}],"curies":[{"name":"wp","href":"https:\/\/api.w.org\/{rel}","templated":true}]}}