{"id":1364,"date":"2007-06-01T15:43:11","date_gmt":"2007-06-01T14:43:11","guid":{"rendered":"http:\/\/www.aula21.net\/aulablog21\/archives\/2007\/06\/01\/cabanillas-se-apunta-a-la-gira-veraniega\/"},"modified":"2007-06-02T09:46:36","modified_gmt":"2007-06-02T08:46:36","slug":"cabanillas-se-apunta-a-la-gira-veraniega","status":"publish","type":"post","link":"http:\/\/aula21.net\/aulablog21\/archives\/2007\/06\/01\/cabanillas-se-apunta-a-la-gira-veraniega\/","title":{"rendered":"Cabanillas se apunta a la gira veraniega"},"content":{"rendered":"<p>El ilustre <a href=\"http:\/\/www.extremaduraclasica.com\/bitacora\/\">blogfesor Carlos Cabanillas<\/a> y otros mucho blogfesores nos est\u00e1n mandando a Anibal y a un servidor v\u00eddeos en los que muestran sus habilidades con objeto de incorporarse a nuestra gira veraniega dando cursos por toda Espa\u00f1a.<\/p>\n<p><strong><a href=\"http:\/\/www.dancesisterdance.com\/myvid\/index.php?v=b270cc3a1094a2\">Veamos el video del Cabanillas<\/a><\/strong><\/p>\n<p>La verdad es que no lo hace mal de todo.<br \/>\nMientras carga el video puedes entretenerte viendo esta foto.<br \/>\n<a href=\"http:\/\/picasaweb.google.com\/aula21\/Edublogs\/photo#5071106058040192834\"><img decoding=\"async\" src=\"http:\/\/lh5.google.com\/image\/aula21\/RmAwF4fRL0I\/AAAAAAAAACk\/yjcdv4wy75A\/s400\/cabanillas.jpg\" \/><\/a><br \/>\nAnte la avalancha de peticiones pod\u00e9is poner en los comentarios el enlace a vuestros v\u00eddeos para que Anibal y yo podamos valorarlos. <a href=\"http:\/\/www.scissorsisters.com\/intro\/\">En esta p\u00e1gina los pod\u00e9is elaborar con facilidad.<\/a><br \/>\nDe todos modos el d\u00eda 11 de Junio habr\u00e1 un casting presencial a las 11 de la ma\u00f1ana en el sal\u00f3n de plenos del ayuntamiento de Palma del Rio ( C\u00f3rdoba).<\/p>\n","protected":false},"excerpt":{"rendered":"<p>El ilustre blogfesor Carlos Cabanillas y otros mucho blogfesores nos est\u00e1n mandando a Anibal y a un servidor v\u00eddeos en los que muestran sus habilidades con objeto de incorporarse a nuestra gira veraniega dando cursos por toda Espa\u00f1a. Veamos el video del Cabanillas La verdad es que no lo hace mal de todo. Mientras carga [&hellip;]<\/p>\n","protected":false},"author":1,"featured_media":0,"comment_status":"open","ping_status":"open","sticky":false,"template":"","format":"standard","meta":{"footnotes":""},"categories":[1,10],"tags":[],"class_list":["post-1364","post","type-post","status-publish","format-standard","hentry","category-miscelanea","category-utilidades"],"_links":{"self":[{"href":"http:\/\/aula21.net\/aulablog21\/wp-json\/wp\/v2\/posts\/1364","targetHints":{"allow":["GET"]}}],"collection":[{"href":"http:\/\/aula21.net\/aulablog21\/wp-json\/wp\/v2\/posts"}],"about":[{"href":"http:\/\/aula21.net\/aulablog21\/wp-json\/wp\/v2\/types\/post"}],"author":[{"embeddable":true,"href":"http:\/\/aula21.net\/aulablog21\/wp-json\/wp\/v2\/users\/1"}],"replies":[{"embeddable":true,"href":"http:\/\/aula21.net\/aulablog21\/wp-json\/wp\/v2\/comments?post=1364"}],"version-history":[{"count":0,"href":"http:\/\/aula21.net\/aulablog21\/wp-json\/wp\/v2\/posts\/1364\/revisions"}],"wp:attachment":[{"href":"http:\/\/aula21.net\/aulablog21\/wp-json\/wp\/v2\/media?parent=1364"}],"wp:term":[{"taxonomy":"category","embeddable":true,"href":"http:\/\/aula21.net\/aulablog21\/wp-json\/wp\/v2\/categories?post=1364"},{"taxonomy":"post_tag","embeddable":true,"href":"http:\/\/aula21.net\/aulablog21\/wp-json\/wp\/v2\/tags?post=1364"}],"curies":[{"name":"wp","href":"https:\/\/api.w.org\/{rel}","templated":true}]}}